{"id":4556,"date":"2026-01-01T11:03:30","date_gmt":"2026-01-01T10:03:30","guid":{"rendered":"https:\/\/omdmhyd.org\/?p=4556"},"modified":"2026-01-01T14:37:43","modified_gmt":"2026-01-01T13:37:43","slug":"nouvelle-annee-ou-illusion-collective","status":"publish","type":"post","link":"http:\/\/omdmhyd.org\/index.php\/2026\/01\/01\/nouvelle-annee-ou-illusion-collective\/","title":{"rendered":"Nouvelle ann\u00e9e ou illusion collective ?"},"content":{"rendered":"\n<h3 class=\"wp-block-heading\"><strong>Quand l\u2019histoire, la foi et la nature r\u00e9tablissent la v\u00e9rit\u00e9 du temps<\/strong><\/h3>\n\n\n\n<p><mark style=\"background-color:rgba(0, 0, 0, 0)\" class=\"has-inline-color has-kubio-color-6-color\">Nous vous remercions sinc\u00e8rement toutes et tous pour votre intention de nous souhaiter une bonne ann\u00e9e 2026. C\u2019est une belle attention que nous appr\u00e9cions profond\u00e9ment. Toutefois, selon la <strong>Kuma<\/strong>, les <strong>anciennes \u00c9critures<\/strong> et les traditions de nos anc\u00eatres et en tenant compte \u00e9galement de l\u2019h\u00e9misph\u00e8re dans lequel nous nous trouvons nous ne sommes pas r\u00e9ellement au d\u00e9but d\u2019une nouvelle ann\u00e9e. En r\u00e9alit\u00e9, nous nous situons actuellement au <strong>dixi\u00e8me mois<\/strong> de l\u2019ann\u00e9e , soit le 11 jours du dixi\u00e8me mois authentique, et il reste encore <strong>deux mois<\/strong> avant que l\u2019ann\u00e9e v\u00e9ritablement \u00e9tablie par le calendrier originel ne s\u2019ach\u00e8ve.<\/mark><\/p>\n\n\n\n<p><mark style=\"background-color:rgba(0, 0, 0, 0)\" class=\"has-inline-color has-kubio-color-6-color\">Ainsi, selon ce rep\u00e8re ancien, pour notre h\u00e9misph\u00e8re l\u2019ann\u00e9e actuelle prendra fin <strong>le 17 f\u00e9vrier 2026<\/strong>, et la nouvelle ann\u00e9e commencera <strong>le 18 f\u00e9vrier 2026<\/strong>, qui correspond au premier jour du premier mois du <strong>v\u00e9ritable calendrier biblique et ancestral<\/strong>.<\/mark><\/p>\n\n\n\n<p><mark style=\"background-color:rgba(0, 0, 0, 0)\" class=\"has-inline-color has-kubio-color-6-color\">Ce choix n\u2019est pas symbolique ou arbitraire. Il repose sur l\u2019observation de la <strong>nature<\/strong>, qui est la premi\u00e8re horloge donn\u00e9e par le Cr\u00e9ateur. C\u2019est au printemps que la vie se renouvelle :<br>les premi\u00e8res racines sortent de la terre, les premi\u00e8res pousses apparaissent, les arbres bourgeonnent, la cr\u00e9ation se r\u00e9veille et la terre respire \u00e0 nouveau. La nature elle-m\u00eame t\u00e9moigne que <strong>le d\u00e9but de l\u2019ann\u00e9e appartient au renouveau<\/strong>, \u00e0 la reprise de vie, et non \u00e0 une p\u00e9riode morte et froide comme le milieu de l\u2019hiver.<\/mark><\/p>\n\n\n\n<p><mark style=\"background-color:rgba(0, 0, 0, 0)\" class=\"has-inline-color has-kubio-color-6-color\">Il est important de rappeler que le mois appel\u00e9 aujourd\u2019hui \u00ab d\u00e9cembre \u00bb n\u2019\u00e9tait pas, \u00e0 l\u2019origine, le douzi\u00e8me mois. Dans l\u2019ancien syst\u00e8me gr\u00e9co-romain, <strong>\u00ab d\u00e9cembre \u00bb signifie \u201cle dixi\u00e8me mois\u201d<\/strong> (du latin <em>decem<\/em> = dix). Cela montre bien qu\u2019il y a eu, au fil du temps, des modifications profondes du calendrier, de l\u2019histoire et de la perception du temps. Ces changements ne sont pas innocents : ils contribuent \u00e0 imposer une vision du monde, une structure mentale et spirituelle qui nous \u00e9loigne de notre v\u00e9ritable h\u00e9ritage et du cycle originel de la cr\u00e9ation.<\/mark><\/p>\n\n\n\n<p><mark style=\"background-color:rgba(0, 0, 0, 0)\" class=\"has-inline-color has-kubio-color-6-color\">Nous sommes donc face \u00e0 une <strong>manipulation historique<\/strong> qui a d\u00e9sorient\u00e9 des g\u00e9n\u00e9rations enti\u00e8res et pouss\u00e9 beaucoup de peuples \u00e0 accepter, sans remise en question, des rep\u00e8res fabriqu\u00e9s. Mais il est temps que nos fr\u00e8res et s\u0153urs ouvrent les yeux, s\u2019informent, recherchent par eux-m\u00eames, et d\u00e9couvrent cette v\u00e9rit\u00e9 rest\u00e9e cach\u00e9e depuis plus de deux mill\u00e9naires.<\/mark><\/p>\n\n\n\n<p><mark style=\"background-color:rgba(0, 0, 0, 0)\" class=\"has-inline-color has-kubio-color-6-color\">Nous devons donc apprendre \u00e0 nous reconnecter \u00e0 ce rythme naturel et divin. \u00catre en phase avec la nature, c\u2019est \u00eatre en harmonie avec la volont\u00e9 du Cr\u00e9ateur ; c\u2019est respecter l\u2019ordre \u00e9tabli depuis le commencement. Lorsque nous nous alignons sur ce calendrier vivant, nous ne suivons pas un syst\u00e8me impos\u00e9 par l\u2019histoire humaine et les influences politiques ou religieuses ult\u00e9rieures, mais nous marchons selon une logique de v\u00e9rit\u00e9, d\u2019\u00e9quilibre et de respect de la cr\u00e9ation.<\/mark><\/p>\n\n\n\n<p><mark style=\"background-color:rgba(0, 0, 0, 0)\" class=\"has-inline-color has-kubio-color-6-color\">Il est temps que nos fr\u00e8res et s\u0153urs prennent conscience de cette r\u00e9alit\u00e9, sortent des illusions construites au fil des si\u00e8cles et red\u00e9couvrent la <strong>v\u00e9rit\u00e9 cach\u00e9e<\/strong> concernant le temps, les saisons et l\u2019ordre divin. Restons vigilants, ouverts \u00e0 la connaissance v\u00e9ritable, et demandons au Grand Ma\u00eetre de continuer \u00e0 nous \u00e9clairer afin que nous restions \u00e9veill\u00e9s, conscients et en harmonie avec Sa volont\u00e9.<\/mark><\/p>\n\n\n\n<h4 class=\"wp-block-heading\"><strong>Nouvelle ann\u00e9e ou illusion collective ? Quand l\u2019histoire, la foi et la nature r\u00e9tablissent la v\u00e9rit\u00e9 du temps<\/strong><\/h4>\n\n\n\n<p><mark style=\"background-color:rgba(0, 0, 0, 0)\" class=\"has-inline-color has-kubio-color-6-color\">Alors que beaucoup ont pris le temps de souhaiter une \u00ab bonne ann\u00e9e 2026 \u00bb, geste chaleureux et sinc\u00e8re que nous reconnaissons et appr\u00e9cions profond\u00e9ment, il est essentiel de rappeler qu\u2019il existe une autre lecture du temps, issue des anciennes \u00c9critures, des traditions ancestrales et de l\u2019observation authentique de la nature. Selon la <strong>Kuma<\/strong>, les textes sacr\u00e9s et les rep\u00e8res historiques originels, nous ne nous trouvons pas r\u00e9ellement au d\u00e9but d\u2019une nouvelle ann\u00e9e. Nous sommes actuellement au <strong>dixi\u00e8me mois<\/strong> de l\u2019ann\u00e9e v\u00e9ritable, et il reste encore <strong>deux mois<\/strong> avant la fin r\u00e9elle de ce cycle annuel. Ainsi, pour notre h\u00e9misph\u00e8re, l\u2019ann\u00e9e actuelle se termine <strong>le 17 f\u00e9vrier 2026<\/strong>, et la nouvelle ann\u00e9e commence <strong>le 18 f\u00e9vrier 2026<\/strong>, correspondant au premier jour du premier mois du calendrier originel, biblique et ancestral.<\/mark><\/p>\n\n\n\n<h4 class=\"wp-block-heading\"><strong>Un rep\u00e8re spirituel et cosmique fond\u00e9 sur la nature<\/strong><\/h4>\n\n\n\n<p><mark style=\"background-color:rgba(0, 0, 0, 0)\" class=\"has-inline-color has-kubio-color-6-color\">Ce positionnement n\u2019est ni symbolique, ni arbitraire. Il repose sur le principe fondamental que la nature est la premi\u00e8re horloge divine, le premier calendrier offert par le Cr\u00e9ateur. C\u2019est la p\u00e9riode proche du printemps que la vie rena\u00eet :<br>les racines resurgissent, les premi\u00e8res pousses apparaissent, les arbres bourgeonnent et la terre se r\u00e9veille. La cr\u00e9ation respire de nouveau. La nature elle-m\u00eame t\u00e9moigne que le d\u00e9but de l\u2019ann\u00e9e doit s\u2019aligner avec la <strong>renaissance de la vie<\/strong>, et non avec le milieu d\u2019une saison froide, fig\u00e9e, sombre et sans dynamisme vital. C\u2019est une logique coh\u00e9rente, observable, incontestable, qui reconnecte l\u2019humain \u00e0 la v\u00e9rit\u00e9 du cycle naturel.<\/mark><\/p>\n\n\n\n<h4 class=\"wp-block-heading\"><strong>Quand l\u2019histoire r\u00e9v\u00e8le les manipulations du temps<\/strong><\/h4>\n\n\n\n<p><mark style=\"background-color:rgba(0, 0, 0, 0)\" class=\"has-inline-color has-kubio-color-6-color\">Il est \u00e9galement fondamental de rappeler une r\u00e9alit\u00e9 historique trop souvent ignor\u00e9e : le mois appel\u00e9 aujourd\u2019hui \u00ab d\u00e9cembre \u00bb n\u2019\u00e9tait pas, \u00e0 l\u2019origine, le douzi\u00e8me mois. Dans l\u2019ancien calendrier gr\u00e9co-romain, \u00ab december \u00bb signifie <strong>dixi\u00e8me mois<\/strong> (du latin <em>decem<\/em> = dix). Ce seul fait suffit \u00e0 d\u00e9montrer qu\u2019au fil des si\u00e8cles, des ajustements, des r\u00e9formes et des manipulations du temps ont \u00e9t\u00e9 op\u00e9r\u00e9s. Le calendrier a \u00e9t\u00e9 remodel\u00e9, restructur\u00e9, modifi\u00e9\u2026 et avec lui, notre perception du monde, de l\u2019histoire et du sacr\u00e9.<\/mark><\/p>\n\n\n\n<p><mark style=\"background-color:rgba(0, 0, 0, 0)\" class=\"has-inline-color has-kubio-color-6-color\">Ces transformations ne sont pas innocentes. Elles ont contribu\u00e9 \u00e0 imposer une vision culturelle, politique et spirituelle qui a progressivement \u00e9loign\u00e9 les peuples de leur v\u00e9ritable h\u00e9ritage, de leur identit\u00e9 temporelle, et de la compr\u00e9hension initiale des cycles divins de la cr\u00e9ation.<\/mark><\/p>\n\n\n\n<h4 class=\"wp-block-heading\"><strong>Sortir de la tromperie et retrouver la lumi\u00e8re de la v\u00e9rit\u00e9<\/strong><\/h4>\n\n\n\n<p><mark style=\"background-color:rgba(0, 0, 0, 0)\" class=\"has-inline-color has-kubio-color-6-color\">Nous sommes donc face \u00e0 une r\u00e9alit\u00e9 troublante : pendant des si\u00e8cles, l\u2019humanit\u00e9 a accept\u00e9 des rep\u00e8res fabriqu\u00e9s, sans toujours prendre le temps de questionner, de rechercher, de comparer et de v\u00e9rifier. Mais aujourd\u2019hui, une \u00e8re de conscience s\u2019ouvre. Il est temps que nos fr\u00e8res et s\u0153urs, partout dans le monde, <strong>ouvrent les yeux<\/strong>, s\u2019informent par eux-m\u00eames, et d\u00e9couvrent ces v\u00e9rit\u00e9s rest\u00e9es dissimul\u00e9es pendant plus de deux mill\u00e9naires.<\/mark><\/p>\n\n\n\n<h4 class=\"wp-block-heading\"><strong>Se reconnecter au Cr\u00e9ateur en se reconnectant \u00e0 la nature<\/strong><\/h4>\n\n\n\n<p><mark style=\"background-color:rgba(0, 0, 0, 0)\" class=\"has-inline-color has-kubio-color-6-color\">Retrouver le calendrier originel, c\u2019est bien plus qu\u2019une rectification de dates. C\u2019est se r\u00e9accorder avec la Cr\u00e9ation. \u00catre en phase avec la nature, c\u2019est marcher en harmonie avec la volont\u00e9 du Cr\u00e9ateur. C\u2019est sortir des constructions artificielles impos\u00e9es par l\u2019histoire politique, imp\u00e9riale ou religieuse, pour renouer avec une logique divine, claire, \u00e9quilibr\u00e9e et vivante. Lorsque nous nous alignons sur ce calendrier v\u00e9ritable, nous cessons de subir l\u2019illusion pour vivre selon une v\u00e9rit\u00e9 qui \u00e9l\u00e8ve, \u00e9claire et lib\u00e8re.<\/mark><\/p>\n\n\n\n<h4 class=\"wp-block-heading\"><strong>Un appel \u00e0 la vigilance, \u00e0 la conscience et \u00e0 la connaissance<\/strong><\/h4>\n\n\n\n<p><mark style=\"background-color:rgba(0, 0, 0, 0)\" class=\"has-inline-color has-kubio-color-6-color\">Il est temps de prendre conscience, de s\u2019affranchir des illusions h\u00e9rit\u00e9es, d\u2019accepter d\u2019interroger ce que nous avons toujours cru \u00e9vident et d\u2019accueillir la lumi\u00e8re des connaissances oubli\u00e9es. Restons vigilants, ouverts, curieux et sinc\u00e8rement engag\u00e9s dans la qu\u00eate du vrai. Demandons au Grand Ma\u00eetre de continuer \u00e0 nous \u00e9clairer, afin que notre esprit demeure \u00e9veill\u00e9, lucide et en harmonie avec Sa volont\u00e9.<\/mark><\/p>\n\n\n\n<p><mark style=\"background-color:rgba(0, 0, 0, 0)\" class=\"has-inline-color has-kubio-color-6-color\">Nous renouvelons notre gratitude pour les intentions bienveillantes et les v\u0153ux re\u00e7us. Mais au-del\u00e0 des habitudes culturelles et sociales, marchons d\u00e9sormais avec discernement, v\u00e9rit\u00e9 et conscience \u00e9clair\u00e9e. Car le temps n\u2019est pas seulement une date : il est une dimension sacr\u00e9e qui relie l\u2019humanit\u00e9 \u00e0 son Cr\u00e9ateur et \u00e0 la v\u00e9rit\u00e9 premi\u00e8re.<\/mark><\/p>\n\n\n\n<h3 class=\"wp-block-heading\"><strong>Description de l\u2019illustration \u2013 \u201cL\u2019Horloge du Temps\u201d<\/strong><\/h3>\n\n\n\n<p><mark style=\"background-color:rgba(0, 0, 0, 0)\" class=\"has-inline-color has-kubio-color-6-color\">Cette image repr\u00e9sente une horloge symbolique du temps originel, articul\u00e9e autour des saisons et des cycles naturels. Au centre, un cadran circulaire divis\u00e9 en quatre parties \u00e9voque le printemps, l\u2019\u00e9t\u00e9, l\u2019automne et l\u2019hiver, chacun illustr\u00e9 par des paysages vivants : floraison, champs dor\u00e9s, feuilles orang\u00e9es et plaines enneig\u00e9es. Autour du cercle se d\u00e9ploient des inscriptions anciennes, des rep\u00e8res temporels et des r\u00e9f\u00e9rences aux traditions spirituelles et ancestrales, rappelant que le v\u00e9ritable rythme du temps s\u2019appuie sur la nature et non sur un calendrier artificiel.<\/mark><\/p>\n\n\n\n<p><mark style=\"background-color:rgba(0, 0, 0, 0)\" class=\"has-inline-color has-kubio-color-6-color\">\u00c0 l\u2019arri\u00e8re-plan, le contraste entre soleil et lune, lumi\u00e8re et nuit, ainsi que la pr\u00e9sence de monuments anciens, renforce l\u2019id\u00e9e d\u2019un h\u00e9ritage mill\u00e9naire transmis \u00e0 travers les \u00e2ges. L\u2019illustration met en valeur la dimension sacr\u00e9e du temps, la connexion entre l\u2019humanit\u00e9, la cr\u00e9ation et le Cr\u00e9ateur, et invite \u00e0 red\u00e9couvrir le calendrier originel, harmonieux et divin.<\/mark><\/p>\n\n\n\n<h3 class=\"wp-block-heading\">\ud83c\udf31 <strong>\ud83c\udf3f En r\u00e9sum\u00e9 : Le v\u00e9ritable d\u00e9but de l\u2019ann\u00e9e selon la Bible<\/strong><\/h3>\n\n\n\n<p><strong><mark style=\"background-color:rgba(0, 0, 0, 0)\" class=\"has-inline-color has-kubio-color-6-color\">La Bible enseigne que :<\/mark><\/strong><\/p>\n\n\n\n<ul class=\"wp-block-list\">\n<li><mark style=\"background-color:rgba(0, 0, 0, 0)\" class=\"has-inline-color has-kubio-color-6-color\">Le calendrier divin commence <strong>la p\u00e9riode proche du printemps<\/strong><\/mark><\/li>\n\n\n\n<li><mark style=\"background-color:rgba(0, 0, 0, 0)\" class=\"has-inline-color has-kubio-color-6-color\">Le temps de Dieu s\u2019aligne avec la <strong>nature<\/strong><\/mark><\/li>\n\n\n\n<li><mark style=\"background-color:rgba(0, 0, 0, 0)\" class=\"has-inline-color has-kubio-color-6-color\">Les cycles agricoles et saisonniers ne sont pas profanes mais <strong>sacr\u00e9s<\/strong><\/mark><\/li>\n\n\n\n<li><mark style=\"background-color:rgba(0, 0, 0, 0)\" class=\"has-inline-color has-kubio-color-6-color\">Le calendrier moderne est diff\u00e9rent de l\u2019ordre initial biblique<\/mark><\/li>\n<\/ul>\n\n\n\n<p><\/p>\n\n\n\n<p><mark style=\"background-color:rgba(0, 0, 0, 0)\" class=\"has-inline-color has-kubio-color-6-color\">La Bible enseigne que le calendrier divin ne suit pas les rep\u00e8res artificiels \u00e9tablis par les syst\u00e8mes politiques ou religieux ult\u00e9rieurs, mais qu\u2019il repose sur les <strong>cycles naturels<\/strong> cr\u00e9\u00e9s par le Tr\u00e8s-Haut. D\u00e8s le livre de l\u2019Exode, Dieu \u00e9tablit clairement que le premier mois de l\u2019ann\u00e9e est le <strong>mois correspondant<\/strong> \u00e0 une p\u00e9riode proche du printemps. C\u2019est pr\u00e9cis\u00e9ment durant ce temps que se produit la sortie d\u2019\u00c9gypte et que Dieu demande \u00e0 son peuple de c\u00e9l\u00e9brer la P\u00e2que, marquant ainsi ce mois comme <strong>le commencement de l\u2019ann\u00e9e<\/strong> (Exode 12:2, Exode 13:4, Deut\u00e9ronome 16:1).<\/mark><\/p>\n\n\n\n<p><mark style=\"background-color:rgba(0, 0, 0, 0)\" class=\"has-inline-color has-kubio-color-6-color\">La Bible explique \u00e9galement que ce calendrier n\u2019est pas arbitraire. D\u00e8s la cr\u00e9ation, Dieu a ordonn\u00e9 que le soleil, la lune et les \u00e9toiles servent de rep\u00e8res pour <strong>les saisons, les jours et les ann\u00e9es<\/strong> (Gen\u00e8se 1:14). Les signes c\u00e9lestes, accompagn\u00e9s du cycle de la nature, sont donc les v\u00e9ritables horloges divines. Le printemps, p\u00e9riode o\u00f9 la terre se r\u00e9veille, o\u00f9 les bourgeons apparaissent et o\u00f9 la vie rena\u00eet, symbolise naturellement le <strong>renouveau<\/strong>, la <strong>recr\u00e9ation<\/strong> et le <strong>d\u00e9but<\/strong> d\u2019un nouveau cycle, confirmant parfaitement le choix divin. <\/mark><\/p>\n\n\n\n<p><mark style=\"background-color:rgba(0, 0, 0, 0)\" class=\"has-inline-color has-kubio-color-6-color\"><strong>Rappel :<\/strong> les jours et les mois n\u2019ont pas de nom dans la Bible. Les noms des jours et des mois ont \u00e9t\u00e9 invent\u00e9s pour changer le temps et la loi.<\/mark><\/p>\n\n\n\n<p><mark style=\"background-color:rgba(0, 0, 0, 0)\" class=\"has-inline-color has-kubio-color-6-color\">Dans les \u00c9critures anciennes, les jours et les mois n\u2019avaient pas de noms comme aujourd\u2019hui. Ils \u00e9taient g\u00e9n\u00e9ralement identifi\u00e9s par leur ordre (premier mois, deuxi\u00e8me mois, etc.). Les appellations actuelles sont apparues plus tard, souvent sous l\u2019influence de syst\u00e8mes culturels ou politiques \u00e9trangers, ce qui a contribu\u00e9 \u00e0 transformer la perception du temps et \u00e0 alt\u00e9rer la compr\u00e9hension de certains rep\u00e8res spirituels et historiques. <\/mark><\/p>\n\n\n\n<p><mark style=\"background-color:rgba(0, 0, 0, 0)\" class=\"has-inline-color has-kubio-color-6-color\">En observant ce principe biblique, on comprend que le calendrier adopt\u00e9 aujourd\u2019hui, qui fait commencer l\u2019ann\u00e9e en plein hiver, ne correspond pas \u00e0 la logique de la cr\u00e9ation ni \u00e0 la volont\u00e9 originelle du Cr\u00e9ateur. Les modifications historiques des calendriers, notamment gr\u00e9co-romains, ont transform\u00e9 la perception du temps et \u00e9loign\u00e9 de nombreux peuples de l\u2019ordre naturel et spirituel \u00e9tabli depuis l\u2019origine. Par exemple, \u00ab d\u00e9cembre \u00bb signifiait autrefois \u201cdixi\u00e8me mois\u201d, prouvant que d\u2019importants d\u00e9calages ont \u00e9t\u00e9 introduits dans l\u2019histoire du temps.<\/mark><\/p>\n\n\n\n<p><mark style=\"background-color:rgba(0, 0, 0, 0)\" class=\"has-inline-color has-kubio-color-6-color\">Ainsi, revenir au rep\u00e8re biblique du printemps comme d\u00e9but v\u00e9ritable de l\u2019ann\u00e9e, ce n\u2019est pas une question de simple tradition religieuse, mais une d\u00e9marche de <strong>v\u00e9rit\u00e9, de coh\u00e9rence spirituelle et d\u2019alignement avec la cr\u00e9ation<\/strong>. \u00catre en phase avec la nature, c\u2019est \u00eatre en harmonie avec la volont\u00e9 du Cr\u00e9ateur. Cela permet de retrouver l\u2019ordre divin, le sens authentique du temps et une meilleure compr\u00e9hension du plan spirituel voulu pour l\u2019humanit\u00e9.<\/mark><\/p>\n\n\n\n<p><mark style=\"background-color:rgba(0, 0, 0, 0)\" class=\"has-inline-color has-kubio-color-6-color\"><strong>En conclusion, les \u00c9critures t\u00e9moignent clairement que :<\/strong><br>\u2714\ufe0f le calendrier biblique commence \u00e0 la p\u00e9riode proche du printemps<br>\u2714\ufe0f la nature et les astres sont les rep\u00e8res divins du temps<br>\u2714\ufe0f les calendriers modernes r\u00e9sultent de modifications historiques<br>\u2714\ufe0f se reconnecter au calendrier originel, c\u2019est se reconnecter \u00e0 la v\u00e9rit\u00e9 et \u00e0 la volont\u00e9 du Cr\u00e9ateur<\/mark><\/p>\n\n\n\n<p><\/p>\n\n\n\n<h3 class=\"wp-block-heading\">\ud83d\udcdc <strong>Versets bibliques cl\u00e9s<\/strong><\/h3>\n\n\n\n<p><strong><mark style=\"background-color:rgba(0, 0, 0, 0)\" class=\"has-inline-color has-kubio-color-6-color\">1\ufe0f\u20e3 Exode 12:2<\/mark><\/strong><\/p>\n\n\n\n<blockquote class=\"wp-block-quote is-layout-flow wp-block-quote-is-layout-flow\">\n<p><mark style=\"background-color:rgba(0, 0, 0, 0)\" class=\"has-inline-color has-kubio-color-6-color\">\u00ab Ce mois-ci sera pour vous le premier des mois ; il sera pour vous le premier des mois de l&rsquo;ann\u00e9e. \u00bb<br>\ud83d\udc49 Dieu \u00e9tablit ici clairement le <strong>mois <\/strong> comme d\u00e9but de l\u2019ann\u00e9e, ce mois correspond \u00e0 la p\u00e9riode proche du printemps.<\/mark><\/p>\n<\/blockquote>\n\n\n\n<hr class=\"wp-block-separator has-alpha-channel-opacity\"\/>\n\n\n\n<p><strong><mark style=\"background-color:rgba(0, 0, 0, 0)\" class=\"has-inline-color has-kubio-color-6-color\">2\ufe0f\u20e3 Exode 13:4<\/mark><\/strong><\/p>\n\n\n\n<blockquote class=\"wp-block-quote is-layout-flow wp-block-quote-is-layout-flow\">\n<p><mark style=\"background-color:rgba(0, 0, 0, 0)\" class=\"has-inline-color has-kubio-color-6-color\">\u00ab Vous sortez aujourd&rsquo;hui, au mois d&rsquo;Abib. \u00bb<br>\ud83d\udc49 Le mois d\u2019Abib est le mois des <strong>\u00e9pis verts<\/strong>, p\u00e9riode de maturit\u00e9 de la nature, associ\u00e9e au printemps.<\/mark><\/p>\n<\/blockquote>\n\n\n\n<hr class=\"wp-block-separator has-alpha-channel-opacity\"\/>\n\n\n\n<p><strong><mark style=\"background-color:rgba(0, 0, 0, 0)\" class=\"has-inline-color has-kubio-color-6-color\">3\ufe0f\u20e3 Deut\u00e9ronome 16:1<\/mark><\/strong><\/p>\n\n\n\n<blockquote class=\"wp-block-quote is-layout-flow wp-block-quote-is-layout-flow\">\n<p><mark style=\"background-color:rgba(0, 0, 0, 0)\" class=\"has-inline-color has-kubio-color-6-color\">\u00ab Observe le mois d&rsquo;Abib, et fais la P\u00e2que \u00e0 Yah\u2026 \u00bb<br>\ud83d\udc49 Encore une fois, Dieu rattache un \u00e9v\u00e9nement majeur spirituel (Pessa\u2019h) au <strong>cycle naturel<\/strong> du printemps.<\/mark><\/p>\n<\/blockquote>\n\n\n\n<hr class=\"wp-block-separator has-alpha-channel-opacity\"\/>\n\n\n\n<p><strong><mark style=\"background-color:rgba(0, 0, 0, 0)\" class=\"has-inline-color has-kubio-color-6-color\">4\ufe0f\u20e3 L\u00e9vitique 23:4<\/mark><\/strong><\/p>\n\n\n\n<blockquote class=\"wp-block-quote is-layout-flow wp-block-quote-is-layout-flow\">\n<p><mark style=\"background-color:rgba(0, 0, 0, 0)\" class=\"has-inline-color has-kubio-color-6-color\">\u00ab Voici les f\u00eates de l\u2019\u00c9ternel, les saintes convocations, que vous publierez en leur temps. \u00bb<br>\ud83d\udc49 Dieu base Ses rendez-vous sacr\u00e9s sur <strong>un calendrier divin pr\u00e9cis<\/strong>, li\u00e9 aux saisons.<\/mark><\/p>\n<\/blockquote>\n\n\n\n<hr class=\"wp-block-separator has-alpha-channel-opacity\"\/>\n\n\n\n<p><strong>5\ufe0f\u20e3 <mark style=\"background-color:rgba(0, 0, 0, 0)\" class=\"has-inline-color has-kubio-color-6-color\">Gen\u00e8se 1:14<\/mark><\/strong><\/p>\n\n\n\n<blockquote class=\"wp-block-quote is-layout-flow wp-block-quote-is-layout-flow\">\n<p><mark style=\"background-color:rgba(0, 0, 0, 0)\" class=\"has-inline-color has-kubio-color-6-color\">\u00ab Dieu dit : Qu&rsquo;il y ait des luminaires dans l&rsquo;\u00e9tendue du ciel, pour s\u00e9parer le jour d&rsquo;avec la nuit ; qu&rsquo;ils servent de signes pour marquer les \u00e9poques, les jours et les ann\u00e9es. \u00bb<br>\ud83d\udc49 Les <strong>soleil, lune et \u00e9toiles<\/strong> servent d\u2019horloge naturelle non l\u2019homme.<\/mark><\/p>\n<\/blockquote>\n\n\n\n<hr class=\"wp-block-separator has-alpha-channel-opacity\"\/>\n\n\n\n<p><strong>6\ufe0f\u20e3<mark style=\"background-color:rgba(0, 0, 0, 0)\" class=\"has-inline-color has-kubio-color-6-color\"> Exode 34:18<\/mark><\/strong><\/p>\n\n\n\n<blockquote class=\"wp-block-quote is-layout-flow wp-block-quote-is-layout-flow\">\n<p>\u00ab<mark style=\"background-color:rgba(0, 0, 0, 0)\" class=\"has-inline-color has-kubio-color-6-color\"> Tu observeras la f\u00eate des pains sans levain\u2026 au temps fix\u00e9 du mois. \u00bb<br>\ud83d\udc49 Confirmation suppl\u00e9mentaire : <strong>rep\u00e8re naturel et spirituel identique<\/strong>.<\/mark><\/p>\n<\/blockquote>\n\n\n\n<hr class=\"wp-block-separator has-alpha-channel-opacity\"\/>\n\n\n<div class=\"wp-block-post-author\"><div class=\"wp-block-post-author__avatar\"><img alt='' src='https:\/\/secure.gravatar.com\/avatar\/abf57df275cb87516ba194f971347f368ecf429061374f79a710def978929f7f?s=48&#038;d=mm&#038;r=g' srcset='https:\/\/secure.gravatar.com\/avatar\/abf57df275cb87516ba194f971347f368ecf429061374f79a710def978929f7f?s=96&#038;d=mm&#038;r=g 2x' class='avatar avatar-48 photo' height='48' width='48' \/><\/div><div class=\"wp-block-post-author__content\"><p class=\"wp-block-post-author__name\">OMDMHYD ONG<\/p><\/div><\/div>\n\n<div class=\"wp-block-image\">\n<figure class=\"aligncenter size-large is-resized\"><img loading=\"lazy\" decoding=\"async\" width=\"1024\" height=\"241\" src=\"http:\/\/omdmhyd.org\/wp-content\/uploads\/2023\/02\/Banderole-1920X451-1024x241.jpg\" alt=\"\" class=\"wp-image-1623\" style=\"width:1219px;height:auto\" srcset=\"http:\/\/omdmhyd.org\/wp-content\/uploads\/2023\/02\/Banderole-1920X451-1024x241.jpg 1024w, http:\/\/omdmhyd.org\/wp-content\/uploads\/2023\/02\/Banderole-1920X451-300x70.jpg 300w, http:\/\/omdmhyd.org\/wp-content\/uploads\/2023\/02\/Banderole-1920X451-768x180.jpg 768w, http:\/\/omdmhyd.org\/wp-content\/uploads\/2023\/02\/Banderole-1920X451-1536x361.jpg 1536w, http:\/\/omdmhyd.org\/wp-content\/uploads\/2023\/02\/Banderole-1920X451-600x141.jpg 600w, http:\/\/omdmhyd.org\/wp-content\/uploads\/2023\/02\/Banderole-1920X451.jpg 1920w\" sizes=\"(max-width: 1024px) 100vw, 1024px\" \/><\/figure>\n<\/div>","protected":false},"excerpt":{"rendered":"<p>Quand l\u2019histoire, la foi et la nature r\u00e9tablissent la v\u00e9rit\u00e9 du temps Nous vous remercions sinc\u00e8rement toutes et tous pour votre intention de nous souhaiter une bonne ann\u00e9e 2026. C\u2019est une belle attention que nous appr\u00e9cions profond\u00e9ment. Toutefois, selon la Kuma, les anciennes \u00c9critures et les traditions de nos anc\u00eatres et en tenant compte \u00e9galement [&hellip;]<\/p>\n","protected":false},"author":1,"featured_media":4564,"comment_status":"closed","ping_status":"closed","sticky":false,"template":"","format":"standard","meta":{"saved_in_kubio":false,"telegram_tosend":false,"telegram_tosend_message":"","telegram_tosend_target":0,"sfsi_plus_gutenberg_text_before_share":"","sfsi_plus_gutenberg_show_text_before_share":"","sfsi_plus_gutenberg_icon_type":"","sfsi_plus_gutenberg_icon_alignemt":"","sfsi_plus_gutenburg_max_per_row":"","_themeisle_gutenberg_block_has_review":false,"footnotes":""},"categories":[3,89,119,87,117,1,120],"tags":[],"class_list":["post-4556","post","type-post","status-publish","format-standard","has-post-thumbnail","hentry","category-actualites","category-debats","category-kuma-bible","category-livres","category-loi","category-non-classe","category-peuple-bantou"],"featured_image_src":"http:\/\/omdmhyd.org\/wp-content\/uploads\/2026\/01\/Nouvelle-annee-ou-illusion-collective-com.jpg","author_info":{"display_name":"OMDMHYD ONG","author_link":"http:\/\/omdmhyd.org\/index.php\/author\/admin3509\/"},"yoast_head":"<!-- This site is optimized with the Yoast SEO plugin v27.5 - https:\/\/yoast.com\/product\/yoast-seo-wordpress\/ -->\n<title>Nouvelle ann\u00e9e ou illusion collective ?<\/title>\n<meta name=\"description\" content=\"Ainsi, selon ce rep\u00e8re ancien, pour notre h\u00e9misph\u00e8re l\u2019ann\u00e9e actuelle prendra fin le 18 mars 2026, et la nouvelle ann\u00e9e commencera le 19 mars 2026, qui correspond au premier jour du premier mois du v\u00e9ritable calendrier biblique et ancestral.\" \/>\n<meta name=\"robots\" content=\"index, follow, max-snippet:-1, max-image-preview:large, max-video-preview:-1\" \/>\n<link rel=\"canonical\" href=\"http:\/\/omdmhyd.org\/index.php\/2026\/01\/01\/nouvelle-annee-ou-illusion-collective\/\" \/>\n<meta property=\"og:locale\" content=\"fr_FR\" \/>\n<meta property=\"og:type\" content=\"article\" \/>\n<meta property=\"og:title\" content=\"Nouvelle ann\u00e9e ou illusion collective ?\" \/>\n<meta property=\"og:description\" content=\"Ainsi, selon ce rep\u00e8re ancien, pour notre h\u00e9misph\u00e8re l\u2019ann\u00e9e actuelle prendra fin le 18 mars 2026, et la nouvelle ann\u00e9e commencera le 19 mars 2026, qui correspond au premier jour du premier mois du v\u00e9ritable calendrier biblique et ancestral.\" \/>\n<meta property=\"og:url\" content=\"http:\/\/omdmhyd.org\/index.php\/2026\/01\/01\/nouvelle-annee-ou-illusion-collective\/\" \/>\n<meta property=\"og:site_name\" content=\"Omdmhyd Accueil\" \/>\n<meta property=\"article:publisher\" content=\"https:\/\/www.facebook.com\/omdmhyd\" \/>\n<meta property=\"article:published_time\" content=\"2026-01-01T10:03:30+00:00\" \/>\n<meta property=\"article:modified_time\" content=\"2026-01-01T13:37:43+00:00\" \/>\n<meta property=\"og:image\" content=\"http:\/\/omdmhyd.org\/wp-content\/uploads\/2026\/01\/Nouvelle-annee-ou-illusion-collective-com.jpg\" \/>\n\t<meta property=\"og:image:width\" content=\"1536\" \/>\n\t<meta property=\"og:image:height\" content=\"1024\" \/>\n\t<meta property=\"og:image:type\" content=\"image\/jpeg\" \/>\n<meta name=\"author\" content=\"OMDMHYD ONG\" \/>\n<meta name=\"twitter:card\" content=\"summary_large_image\" \/>\n<meta name=\"twitter:title\" content=\"Nouvelle ann\u00e9e ou illusion collective ?\" \/>\n<meta name=\"twitter:description\" content=\"Ainsi, selon ce rep\u00e8re ancien, pour notre h\u00e9misph\u00e8re l\u2019ann\u00e9e actuelle prendra fin le 18 mars 2026, et la nouvelle ann\u00e9e commencera le 19 mars 2026, qui correspond au premier jour du premier mois du v\u00e9ritable calendrier biblique et ancestral.\" \/>\n<meta name=\"twitter:image\" content=\"http:\/\/omdmhyd.org\/wp-content\/uploads\/2026\/01\/Nouvelle-annee-ou-illusion-collective-com.jpg\" \/>\n<meta name=\"twitter:creator\" content=\"@omdmhyd_ong\" \/>\n<meta name=\"twitter:site\" content=\"@omdmhyd_ong\" \/>\n<meta name=\"twitter:label1\" content=\"\u00c9crit par\" \/>\n\t<meta name=\"twitter:data1\" content=\"OMDMHYD ONG\" \/>\n\t<meta name=\"twitter:label2\" content=\"Dur\u00e9e de lecture estim\u00e9e\" \/>\n\t<meta name=\"twitter:data2\" content=\"10 minutes\" \/>\n<script type=\"application\/ld+json\" class=\"yoast-schema-graph\">{\"@context\":\"https:\\\/\\\/schema.org\",\"@graph\":[{\"@type\":\"Article\",\"@id\":\"http:\\\/\\\/omdmhyd.org\\\/index.php\\\/2026\\\/01\\\/01\\\/nouvelle-annee-ou-illusion-collective\\\/#article\",\"isPartOf\":{\"@id\":\"http:\\\/\\\/omdmhyd.org\\\/index.php\\\/2026\\\/01\\\/01\\\/nouvelle-annee-ou-illusion-collective\\\/\"},\"author\":{\"name\":\"OMDMHYD ONG\",\"@id\":\"https:\\\/\\\/omdmhyd.org\\\/#\\\/schema\\\/person\\\/8f67bd35e9934066ac655bbf659e815c\"},\"headline\":\"Nouvelle ann\u00e9e ou illusion collective ?\",\"datePublished\":\"2026-01-01T10:03:30+00:00\",\"dateModified\":\"2026-01-01T13:37:43+00:00\",\"mainEntityOfPage\":{\"@id\":\"http:\\\/\\\/omdmhyd.org\\\/index.php\\\/2026\\\/01\\\/01\\\/nouvelle-annee-ou-illusion-collective\\\/\"},\"wordCount\":2385,\"publisher\":{\"@id\":\"https:\\\/\\\/omdmhyd.org\\\/#organization\"},\"image\":{\"@id\":\"http:\\\/\\\/omdmhyd.org\\\/index.php\\\/2026\\\/01\\\/01\\\/nouvelle-annee-ou-illusion-collective\\\/#primaryimage\"},\"thumbnailUrl\":\"http:\\\/\\\/omdmhyd.org\\\/wp-content\\\/uploads\\\/2026\\\/01\\\/Nouvelle-annee-ou-illusion-collective-com.jpg\",\"articleSection\":{\"0\":\"Actualites\",\"1\":\"D\u00e9bats\",\"2\":\"Kuma - Bible\",\"3\":\"Livres\",\"4\":\"Loi\",\"6\":\"Peuple Bantou\"},\"inLanguage\":\"fr-FR\"},{\"@type\":\"WebPage\",\"@id\":\"http:\\\/\\\/omdmhyd.org\\\/index.php\\\/2026\\\/01\\\/01\\\/nouvelle-annee-ou-illusion-collective\\\/\",\"url\":\"http:\\\/\\\/omdmhyd.org\\\/index.php\\\/2026\\\/01\\\/01\\\/nouvelle-annee-ou-illusion-collective\\\/\",\"name\":\"Nouvelle ann\u00e9e ou illusion collective ?\",\"isPartOf\":{\"@id\":\"https:\\\/\\\/omdmhyd.org\\\/#website\"},\"primaryImageOfPage\":{\"@id\":\"http:\\\/\\\/omdmhyd.org\\\/index.php\\\/2026\\\/01\\\/01\\\/nouvelle-annee-ou-illusion-collective\\\/#primaryimage\"},\"image\":{\"@id\":\"http:\\\/\\\/omdmhyd.org\\\/index.php\\\/2026\\\/01\\\/01\\\/nouvelle-annee-ou-illusion-collective\\\/#primaryimage\"},\"thumbnailUrl\":\"http:\\\/\\\/omdmhyd.org\\\/wp-content\\\/uploads\\\/2026\\\/01\\\/Nouvelle-annee-ou-illusion-collective-com.jpg\",\"datePublished\":\"2026-01-01T10:03:30+00:00\",\"dateModified\":\"2026-01-01T13:37:43+00:00\",\"description\":\"Ainsi, selon ce rep\u00e8re ancien, pour notre h\u00e9misph\u00e8re l\u2019ann\u00e9e actuelle prendra fin le 18 mars 2026, et la nouvelle ann\u00e9e commencera le 19 mars 2026, qui correspond au premier jour du premier mois du v\u00e9ritable calendrier biblique et ancestral.\",\"breadcrumb\":{\"@id\":\"http:\\\/\\\/omdmhyd.org\\\/index.php\\\/2026\\\/01\\\/01\\\/nouvelle-annee-ou-illusion-collective\\\/#breadcrumb\"},\"inLanguage\":\"fr-FR\",\"potentialAction\":[{\"@type\":\"ReadAction\",\"target\":[\"http:\\\/\\\/omdmhyd.org\\\/index.php\\\/2026\\\/01\\\/01\\\/nouvelle-annee-ou-illusion-collective\\\/\"]}]},{\"@type\":\"ImageObject\",\"inLanguage\":\"fr-FR\",\"@id\":\"http:\\\/\\\/omdmhyd.org\\\/index.php\\\/2026\\\/01\\\/01\\\/nouvelle-annee-ou-illusion-collective\\\/#primaryimage\",\"url\":\"http:\\\/\\\/omdmhyd.org\\\/wp-content\\\/uploads\\\/2026\\\/01\\\/Nouvelle-annee-ou-illusion-collective-com.jpg\",\"contentUrl\":\"http:\\\/\\\/omdmhyd.org\\\/wp-content\\\/uploads\\\/2026\\\/01\\\/Nouvelle-annee-ou-illusion-collective-com.jpg\",\"width\":1536,\"height\":1024},{\"@type\":\"BreadcrumbList\",\"@id\":\"http:\\\/\\\/omdmhyd.org\\\/index.php\\\/2026\\\/01\\\/01\\\/nouvelle-annee-ou-illusion-collective\\\/#breadcrumb\",\"itemListElement\":[{\"@type\":\"ListItem\",\"position\":1,\"name\":\"Accueil\",\"item\":\"https:\\\/\\\/omdmhyd.org\\\/\"},{\"@type\":\"ListItem\",\"position\":2,\"name\":\"Nouvelle ann\u00e9e ou illusion collective ?\"}]},{\"@type\":\"WebSite\",\"@id\":\"https:\\\/\\\/omdmhyd.org\\\/#website\",\"url\":\"https:\\\/\\\/omdmhyd.org\\\/\",\"name\":\"ORGANISATION OMDMHYD\",\"description\":\"La d\u00e9fense des droits Bantous..\",\"publisher\":{\"@id\":\"https:\\\/\\\/omdmhyd.org\\\/#organization\"},\"potentialAction\":[{\"@type\":\"SearchAction\",\"target\":{\"@type\":\"EntryPoint\",\"urlTemplate\":\"https:\\\/\\\/omdmhyd.org\\\/?s={search_term_string}\"},\"query-input\":{\"@type\":\"PropertyValueSpecification\",\"valueRequired\":true,\"valueName\":\"search_term_string\"}}],\"inLanguage\":\"fr-FR\"},{\"@type\":\"Organization\",\"@id\":\"https:\\\/\\\/omdmhyd.org\\\/#organization\",\"name\":\"Organisation Mondiale de la D\u00e9fense des Droits et M\u00e9moires des H\u00e9breux Yisra\u00e9lites D\u00e9port\u00e9s et leur Descendants\",\"url\":\"https:\\\/\\\/omdmhyd.org\\\/\",\"logo\":{\"@type\":\"ImageObject\",\"inLanguage\":\"fr-FR\",\"@id\":\"https:\\\/\\\/omdmhyd.org\\\/#\\\/schema\\\/logo\\\/image\\\/\",\"url\":\"http:\\\/\\\/omdmhyd.org\\\/wp-content\\\/uploads\\\/2023\\\/02\\\/cropped-LOGO-OMDMHYD-140x140-1.jpg\",\"contentUrl\":\"http:\\\/\\\/omdmhyd.org\\\/wp-content\\\/uploads\\\/2023\\\/02\\\/cropped-LOGO-OMDMHYD-140x140-1.jpg\",\"width\":240,\"height\":240,\"caption\":\"Organisation Mondiale de la D\u00e9fense des Droits et M\u00e9moires des H\u00e9breux Yisra\u00e9lites D\u00e9port\u00e9s et leur Descendants\"},\"image\":{\"@id\":\"https:\\\/\\\/omdmhyd.org\\\/#\\\/schema\\\/logo\\\/image\\\/\"},\"sameAs\":[\"https:\\\/\\\/www.facebook.com\\\/omdmhyd\",\"https:\\\/\\\/x.com\\\/omdmhyd_ong\",\"https:\\\/\\\/t.me\\\/omdmhyd\",\"http:\\\/\\\/85.187.151.147\\\/-omdmhyd\",\"https:\\\/\\\/afritubes.com\\\/@OrganisationOMDMHYD\"]},{\"@type\":\"Person\",\"@id\":\"https:\\\/\\\/omdmhyd.org\\\/#\\\/schema\\\/person\\\/8f67bd35e9934066ac655bbf659e815c\",\"name\":\"OMDMHYD ONG\",\"image\":{\"@type\":\"ImageObject\",\"inLanguage\":\"fr-FR\",\"@id\":\"https:\\\/\\\/secure.gravatar.com\\\/avatar\\\/abf57df275cb87516ba194f971347f368ecf429061374f79a710def978929f7f?s=96&d=mm&r=g\",\"url\":\"https:\\\/\\\/secure.gravatar.com\\\/avatar\\\/abf57df275cb87516ba194f971347f368ecf429061374f79a710def978929f7f?s=96&d=mm&r=g\",\"contentUrl\":\"https:\\\/\\\/secure.gravatar.com\\\/avatar\\\/abf57df275cb87516ba194f971347f368ecf429061374f79a710def978929f7f?s=96&d=mm&r=g\",\"caption\":\"OMDMHYD ONG\"},\"sameAs\":[\"http:\\\/\\\/omdmhyd.org\"],\"url\":\"http:\\\/\\\/omdmhyd.org\\\/index.php\\\/author\\\/admin3509\\\/\"}]}<\/script>\n<!-- \/ Yoast SEO plugin. -->","yoast_head_json":{"title":"Nouvelle ann\u00e9e ou illusion collective ?","description":"Ainsi, selon ce rep\u00e8re ancien, pour notre h\u00e9misph\u00e8re l\u2019ann\u00e9e actuelle prendra fin le 18 mars 2026, et la nouvelle ann\u00e9e commencera le 19 mars 2026, qui correspond au premier jour du premier mois du v\u00e9ritable calendrier biblique et ancestral.","robots":{"index":"index","follow":"follow","max-snippet":"max-snippet:-1","max-image-preview":"max-image-preview:large","max-video-preview":"max-video-preview:-1"},"canonical":"http:\/\/omdmhyd.org\/index.php\/2026\/01\/01\/nouvelle-annee-ou-illusion-collective\/","og_locale":"fr_FR","og_type":"article","og_title":"Nouvelle ann\u00e9e ou illusion collective ?","og_description":"Ainsi, selon ce rep\u00e8re ancien, pour notre h\u00e9misph\u00e8re l\u2019ann\u00e9e actuelle prendra fin le 18 mars 2026, et la nouvelle ann\u00e9e commencera le 19 mars 2026, qui correspond au premier jour du premier mois du v\u00e9ritable calendrier biblique et ancestral.","og_url":"http:\/\/omdmhyd.org\/index.php\/2026\/01\/01\/nouvelle-annee-ou-illusion-collective\/","og_site_name":"Omdmhyd Accueil","article_publisher":"https:\/\/www.facebook.com\/omdmhyd","article_published_time":"2026-01-01T10:03:30+00:00","article_modified_time":"2026-01-01T13:37:43+00:00","og_image":[{"width":1536,"height":1024,"url":"http:\/\/omdmhyd.org\/wp-content\/uploads\/2026\/01\/Nouvelle-annee-ou-illusion-collective-com.jpg","type":"image\/jpeg"}],"author":"OMDMHYD ONG","twitter_card":"summary_large_image","twitter_title":"Nouvelle ann\u00e9e ou illusion collective ?","twitter_description":"Ainsi, selon ce rep\u00e8re ancien, pour notre h\u00e9misph\u00e8re l\u2019ann\u00e9e actuelle prendra fin le 18 mars 2026, et la nouvelle ann\u00e9e commencera le 19 mars 2026, qui correspond au premier jour du premier mois du v\u00e9ritable calendrier biblique et ancestral.","twitter_image":"http:\/\/omdmhyd.org\/wp-content\/uploads\/2026\/01\/Nouvelle-annee-ou-illusion-collective-com.jpg","twitter_creator":"@omdmhyd_ong","twitter_site":"@omdmhyd_ong","twitter_misc":{"\u00c9crit par":"OMDMHYD ONG","Dur\u00e9e de lecture estim\u00e9e":"10 minutes"},"schema":{"@context":"https:\/\/schema.org","@graph":[{"@type":"Article","@id":"http:\/\/omdmhyd.org\/index.php\/2026\/01\/01\/nouvelle-annee-ou-illusion-collective\/#article","isPartOf":{"@id":"http:\/\/omdmhyd.org\/index.php\/2026\/01\/01\/nouvelle-annee-ou-illusion-collective\/"},"author":{"name":"OMDMHYD ONG","@id":"https:\/\/omdmhyd.org\/#\/schema\/person\/8f67bd35e9934066ac655bbf659e815c"},"headline":"Nouvelle ann\u00e9e ou illusion collective ?","datePublished":"2026-01-01T10:03:30+00:00","dateModified":"2026-01-01T13:37:43+00:00","mainEntityOfPage":{"@id":"http:\/\/omdmhyd.org\/index.php\/2026\/01\/01\/nouvelle-annee-ou-illusion-collective\/"},"wordCount":2385,"publisher":{"@id":"https:\/\/omdmhyd.org\/#organization"},"image":{"@id":"http:\/\/omdmhyd.org\/index.php\/2026\/01\/01\/nouvelle-annee-ou-illusion-collective\/#primaryimage"},"thumbnailUrl":"http:\/\/omdmhyd.org\/wp-content\/uploads\/2026\/01\/Nouvelle-annee-ou-illusion-collective-com.jpg","articleSection":{"0":"Actualites","1":"D\u00e9bats","2":"Kuma - Bible","3":"Livres","4":"Loi","6":"Peuple Bantou"},"inLanguage":"fr-FR"},{"@type":"WebPage","@id":"http:\/\/omdmhyd.org\/index.php\/2026\/01\/01\/nouvelle-annee-ou-illusion-collective\/","url":"http:\/\/omdmhyd.org\/index.php\/2026\/01\/01\/nouvelle-annee-ou-illusion-collective\/","name":"Nouvelle ann\u00e9e ou illusion collective ?","isPartOf":{"@id":"https:\/\/omdmhyd.org\/#website"},"primaryImageOfPage":{"@id":"http:\/\/omdmhyd.org\/index.php\/2026\/01\/01\/nouvelle-annee-ou-illusion-collective\/#primaryimage"},"image":{"@id":"http:\/\/omdmhyd.org\/index.php\/2026\/01\/01\/nouvelle-annee-ou-illusion-collective\/#primaryimage"},"thumbnailUrl":"http:\/\/omdmhyd.org\/wp-content\/uploads\/2026\/01\/Nouvelle-annee-ou-illusion-collective-com.jpg","datePublished":"2026-01-01T10:03:30+00:00","dateModified":"2026-01-01T13:37:43+00:00","description":"Ainsi, selon ce rep\u00e8re ancien, pour notre h\u00e9misph\u00e8re l\u2019ann\u00e9e actuelle prendra fin le 18 mars 2026, et la nouvelle ann\u00e9e commencera le 19 mars 2026, qui correspond au premier jour du premier mois du v\u00e9ritable calendrier biblique et ancestral.","breadcrumb":{"@id":"http:\/\/omdmhyd.org\/index.php\/2026\/01\/01\/nouvelle-annee-ou-illusion-collective\/#breadcrumb"},"inLanguage":"fr-FR","potentialAction":[{"@type":"ReadAction","target":["http:\/\/omdmhyd.org\/index.php\/2026\/01\/01\/nouvelle-annee-ou-illusion-collective\/"]}]},{"@type":"ImageObject","inLanguage":"fr-FR","@id":"http:\/\/omdmhyd.org\/index.php\/2026\/01\/01\/nouvelle-annee-ou-illusion-collective\/#primaryimage","url":"http:\/\/omdmhyd.org\/wp-content\/uploads\/2026\/01\/Nouvelle-annee-ou-illusion-collective-com.jpg","contentUrl":"http:\/\/omdmhyd.org\/wp-content\/uploads\/2026\/01\/Nouvelle-annee-ou-illusion-collective-com.jpg","width":1536,"height":1024},{"@type":"BreadcrumbList","@id":"http:\/\/omdmhyd.org\/index.php\/2026\/01\/01\/nouvelle-annee-ou-illusion-collective\/#breadcrumb","itemListElement":[{"@type":"ListItem","position":1,"name":"Accueil","item":"https:\/\/omdmhyd.org\/"},{"@type":"ListItem","position":2,"name":"Nouvelle ann\u00e9e ou illusion collective ?"}]},{"@type":"WebSite","@id":"https:\/\/omdmhyd.org\/#website","url":"https:\/\/omdmhyd.org\/","name":"ORGANISATION OMDMHYD","description":"La d\u00e9fense des droits Bantous..","publisher":{"@id":"https:\/\/omdmhyd.org\/#organization"},"potentialAction":[{"@type":"SearchAction","target":{"@type":"EntryPoint","urlTemplate":"https:\/\/omdmhyd.org\/?s={search_term_string}"},"query-input":{"@type":"PropertyValueSpecification","valueRequired":true,"valueName":"search_term_string"}}],"inLanguage":"fr-FR"},{"@type":"Organization","@id":"https:\/\/omdmhyd.org\/#organization","name":"Organisation Mondiale de la D\u00e9fense des Droits et M\u00e9moires des H\u00e9breux Yisra\u00e9lites D\u00e9port\u00e9s et leur Descendants","url":"https:\/\/omdmhyd.org\/","logo":{"@type":"ImageObject","inLanguage":"fr-FR","@id":"https:\/\/omdmhyd.org\/#\/schema\/logo\/image\/","url":"http:\/\/omdmhyd.org\/wp-content\/uploads\/2023\/02\/cropped-LOGO-OMDMHYD-140x140-1.jpg","contentUrl":"http:\/\/omdmhyd.org\/wp-content\/uploads\/2023\/02\/cropped-LOGO-OMDMHYD-140x140-1.jpg","width":240,"height":240,"caption":"Organisation Mondiale de la D\u00e9fense des Droits et M\u00e9moires des H\u00e9breux Yisra\u00e9lites D\u00e9port\u00e9s et leur Descendants"},"image":{"@id":"https:\/\/omdmhyd.org\/#\/schema\/logo\/image\/"},"sameAs":["https:\/\/www.facebook.com\/omdmhyd","https:\/\/x.com\/omdmhyd_ong","https:\/\/t.me\/omdmhyd","http:\/\/85.187.151.147\/-omdmhyd","https:\/\/afritubes.com\/@OrganisationOMDMHYD"]},{"@type":"Person","@id":"https:\/\/omdmhyd.org\/#\/schema\/person\/8f67bd35e9934066ac655bbf659e815c","name":"OMDMHYD ONG","image":{"@type":"ImageObject","inLanguage":"fr-FR","@id":"https:\/\/secure.gravatar.com\/avatar\/abf57df275cb87516ba194f971347f368ecf429061374f79a710def978929f7f?s=96&d=mm&r=g","url":"https:\/\/secure.gravatar.com\/avatar\/abf57df275cb87516ba194f971347f368ecf429061374f79a710def978929f7f?s=96&d=mm&r=g","contentUrl":"https:\/\/secure.gravatar.com\/avatar\/abf57df275cb87516ba194f971347f368ecf429061374f79a710def978929f7f?s=96&d=mm&r=g","caption":"OMDMHYD ONG"},"sameAs":["http:\/\/omdmhyd.org"],"url":"http:\/\/omdmhyd.org\/index.php\/author\/admin3509\/"}]}},"_links":{"self":[{"href":"http:\/\/omdmhyd.org\/index.php\/wp-json\/wp\/v2\/posts\/4556","targetHints":{"allow":["GET"]}}],"collection":[{"href":"http:\/\/omdmhyd.org\/index.php\/wp-json\/wp\/v2\/posts"}],"about":[{"href":"http:\/\/omdmhyd.org\/index.php\/wp-json\/wp\/v2\/types\/post"}],"author":[{"embeddable":true,"href":"http:\/\/omdmhyd.org\/index.php\/wp-json\/wp\/v2\/users\/1"}],"replies":[{"embeddable":true,"href":"http:\/\/omdmhyd.org\/index.php\/wp-json\/wp\/v2\/comments?post=4556"}],"version-history":[{"count":23,"href":"http:\/\/omdmhyd.org\/index.php\/wp-json\/wp\/v2\/posts\/4556\/revisions"}],"predecessor-version":[{"id":4584,"href":"http:\/\/omdmhyd.org\/index.php\/wp-json\/wp\/v2\/posts\/4556\/revisions\/4584"}],"wp:featuredmedia":[{"embeddable":true,"href":"http:\/\/omdmhyd.org\/index.php\/wp-json\/wp\/v2\/media\/4564"}],"wp:attachment":[{"href":"http:\/\/omdmhyd.org\/index.php\/wp-json\/wp\/v2\/media?parent=4556"}],"wp:term":[{"taxonomy":"category","embeddable":true,"href":"http:\/\/omdmhyd.org\/index.php\/wp-json\/wp\/v2\/categories?post=4556"},{"taxonomy":"post_tag","embeddable":true,"href":"http:\/\/omdmhyd.org\/index.php\/wp-json\/wp\/v2\/tags?post=4556"}],"curies":[{"name":"wp","href":"https:\/\/api.w.org\/{rel}","templated":true}]}}