{"id":1815,"date":"2023-03-01T22:53:00","date_gmt":"2023-03-01T21:53:00","guid":{"rendered":"http:\/\/omdmhyd.org\/?p=1815"},"modified":"2023-03-01T22:57:04","modified_gmt":"2023-03-01T21:57:04","slug":"les-dirigeants-africains-optimistes-a-propos-de-la-conference-en-jamaique","status":"publish","type":"post","link":"http:\/\/omdmhyd.org\/index.php\/2023\/03\/01\/les-dirigeants-africains-optimistes-a-propos-de-la-conference-en-jamaique\/","title":{"rendered":"Les dirigeants africains optimistes \u00e0 propos de la conf\u00e9rence en Jama\u00efque"},"content":{"rendered":"\n<p><\/p>\n\n\n\n<p><\/p>\n\n\n\n<p> Dr Nikiwe Bam (au premier plan), pr\u00e9sidente de la culture et du patrimoine des jeunes leaders autochtones africains et de l&rsquo;Organisation internationale de d\u00e9veloppement Ateker\u00a0;\u00a0ambassadeur pour l&rsquo;Afrique du Sud;\u00a0Dr Robinson Tanyi (\u00e0 droite), roi de Tino Mbu Cameroun et pr\u00e9sident du Conseil africain de gouvernance indig\u00e8ne ;\u00a0l&rsquo;ambassadeur Ireno Omositson Namboka, vice-pr\u00e9sident de l&rsquo;Organisation internationale de d\u00e9veloppement Ateker et vice-chancelier de l&rsquo;Universit\u00e9 ouverte africaine de Gen\u00e8ve, Suisse (deuxi\u00e8me \u00e0 gauche)\u00a0;\u00a0et majest\u00e9 la reine Cynthia Khumalo Mzilikazi III du royaume de Mzilikazi en Afrique du Sud quittent l&rsquo;a\u00e9roport international Norman Manely mardi, deux jours avant le symposium qui se d\u00e9roulera \u00e0 l&rsquo;Universit\u00e9 des Antilles, campus de Mona, qui se tiendra sous le th\u00e8me \u00ab\u00a0R\u00e9paration et la royaut\u00e9, l&rsquo;Afrique et l&rsquo;Europe : Des mythes qui explosent, des v\u00e9rit\u00e9s qui donnent du pouvoir.\u00a0(Photos) [&#8230;]<\/p>\n\n\n\n<p><\/p>\n\n\n\n<p>Par <a href=\"https:\/\/www.jamaicaobserver.com\/author\/brittny-hutchinson\">Brittny Hutchinson<\/a> , jamaicaobserver<\/p>\n\n\n\n<p><\/p>\n\n\n\n<blockquote class=\"wp-block-quote is-layout-flow wp-block-quote-is-layout-flow\">\n<p><strong>Je me sens juste comme chez moi\u00a0\u00bb, c&rsquo;est ainsi que le Dr Robinson Tanyi a d\u00e9crit son arriv\u00e9e en Jama\u00efque alors que lui et trois autres dirigeants africains se promenaient mardi dans l&rsquo;a\u00e9roport international Norman Manley de Kingston, alors qu&rsquo;ils \u00e9taient accueillis par des percussions.<\/strong><\/p>\n<\/blockquote>\n\n\n\n<p>Les quatre \u2013 Tanyi, l&rsquo;ambassadeur Ireno Omositson Namboka, la reine Cynthia Khumalo Mzilikazi III et la princesse Dr Nikiwe Bam seront parmi les participants de haut niveau lors d&rsquo;un symposium d&rsquo;une journ\u00e9e jeudi \u00e0 l&rsquo;Universit\u00e9 des Antilles (The UWI), Mona campus , sous le th\u00e8me \u00ab\u00a0R\u00e9paration et royaut\u00e9, Afrique et Europe : mythes explosifs, v\u00e9rit\u00e9s fortes\u00a0\u00bb.<\/p>\n\n\n\n<p><\/p>\n\n\n\n<p>Pendant que les tambours jouaient, les dirigeants africains v\u00eatus de dashiki ont maintenu une bonne humeur en dansant au rythme entra\u00eenant qui a attir\u00e9 l&rsquo;attention de nombreux spectateurs qui ont sorti leur t\u00e9l\u00e9phone pour capturer le moment.<\/p>\n\n\n\n<p>Tanyi, qui est le roi de Tino Mbu Cameroun et pr\u00e9sident du Conseil africain de gouvernance autochtone, \u00e9tait ravi de partager ses attentes pour le symposium.<\/p>\n\n\n\n<p><\/p>\n\n\n\n<p>\u00ab\u00a0Ce pays est proche de mon lieu de naissance. Les gens que je vois autour de moi me r\u00e9chauffent le c\u0153ur, je me sens comme chez moi. Je suis tr\u00e8s heureux d&rsquo;\u00eatre ici. C&rsquo;est le pays de Bob Marley [l\u00e9gendaire chanteur de reggae] &#8211; c&rsquo;est le chiffre nous le savons\u00a0\u00bb, a-t-il d\u00e9clar\u00e9 au\u00a0<strong>Jamaica Observer<\/strong>\u00a0.<\/p>\n\n\n\n<p><\/p>\n\n\n\n<p>\u00ab\u00a0Nous sommes venus assurer aux Jama\u00efcains qu&rsquo;ils sont Africains, nous sommes Africains. Il n&rsquo;y a rien de diff\u00e9rent entre vous et moi et nous souhaitons juste que les diff\u00e9rences qui nous ont \u00e9loign\u00e9s trouvent enfin un endroit pour se reposer et nous continuons comme fr\u00e8res et s\u0153urs. \u00ab\u00a0, a ajout\u00e9 Tanyi.<\/p>\n\n\n\n<p><\/p>\n\n\n\n<p>Bam, pr\u00e9sidente des jeunes leaders autochtones africains et qui est \u00e9galement ambassadrice de la culture et du patrimoine de l&rsquo;Organisation internationale de d\u00e9veloppement Ateker (AIDO) en Afrique du Sud, \u00e9tait impatiente de partager sa joie car c&rsquo;\u00e9tait la premi\u00e8re fois qu&rsquo;elle visitait un pays des Cara\u00efbes.<\/p>\n\n\n\n<p><\/p>\n\n\n\n<p>\u00ab\u00a0C&rsquo;est un r\u00eave devenu r\u00e9alit\u00e9 pour nous parce que la plupart du temps, nous parlons normalement des Cara\u00efbes et je n&rsquo;y suis jamais all\u00e9 auparavant, donc je suis tr\u00e8s heureux et je suis tr\u00e8s excit\u00e9 et j&rsquo;attends avec impatience toutes les activit\u00e9s que nous vont s&rsquo;engager \u00bb, a-t-elle d\u00e9clar\u00e9.<\/p>\n\n\n\n<p><\/p>\n\n\n\n<p>Mzilikazi III du royaume de Mzilikazi en Afrique du Sud a d\u00e9clar\u00e9 \u00e0 l&rsquo;\u00a0<strong>Observateur<\/strong>\u00a0qu&rsquo;elle esp\u00e8re s&rsquo;engager dans des pourparlers qui \u00e9claireront les Jama\u00efcains sur les relations du pays avec l&rsquo;Afrique.<\/p>\n\n\n\n<p><\/p>\n\n\n\n<p>\u00ab\u00a0Nous sommes ici pour venir parler aux gens de la Jama\u00efque pour leur dire combien nous les aimons, et aussi pour essuyer leurs larmes parce que nous savons qu&rsquo;ils pleurent comme ils disent les Africains, ils n&rsquo;ont pas bien fait qu&rsquo;ils finissent ici, dit-elle.<\/p>\n\n\n\n<p><\/p>\n\n\n\n<p>\u00ab\u00a0Mais nous sommes ici pour leur expliquer ce qui s&rsquo;est pass\u00e9, ce qui s&rsquo;est pass\u00e9 \u00e0 ce moment-l\u00e0, et aussi pour leur faire savoir que l&rsquo;Afrique est leur maison et qu&rsquo;ils sont les bienvenus\u00a0\u00bb, a d\u00e9clar\u00e9 Mzilikazi III, ajoutant qu&rsquo;elle \u00e9tait ravie que la culture africaine soit embrass\u00e9 ici.<\/p>\n\n\n\n<p>Pendant ce temps, l&rsquo;ambassadeur Ireno Omositson Namboka, vice-pr\u00e9sident de l&rsquo;AIDO et vice-chancelier de l&rsquo;Universit\u00e9 ouverte africaine \u00e0 Gen\u00e8ve, en Suisse, qui est arriv\u00e9 lundi soir, a d\u00e9clar\u00e9 qu&rsquo;il \u00e9tait impatient de rencontrer les \u00ab\u00a0petits-enfants de l&rsquo;Afrique\u00a0\u00bb.<\/p>\n\n\n\n<p><\/p>\n\n\n\n<p>\u00ab\u00a0Nous sommes impatients de discuter avec eux de qui nous sommes, les Africains, de qui nous \u00e9tions avant que les gens ne viennent nous interrompre et nous emm\u00e8nent avec nos grands-parents. Nous attendons avec impatience un \u00e9change entre fr\u00e8res et s\u0153urs\u00a0\u00bb, a-t-il d\u00e9clar\u00e9.<\/p>\n\n\n\n<p>Notant que c&rsquo;est la premi\u00e8re fois qu&rsquo;il vient en Jama\u00efque, Namboka a d\u00e9clar\u00e9: \u00ab\u00a0Je suis absolument excit\u00e9. Bob Marley, Marcus Garvey [h\u00e9ros national], tous ces autres noms sur le continent sont sentimentaux pour nous, nous sommes donc vraiment excit\u00e9s.\u00a0\u00bb<\/p>\n\n\n\n<p><\/p>\n\n\n\n<p>Lors du symposium, les dirigeants africains devraient discuter d&rsquo;une s\u00e9rie de questions relatives \u00e0 l&rsquo;esclavage et qui, selon les organisateurs &#8211; la Commission des r\u00e9parations de la Caricom en collaboration avec l&rsquo;UWI -, changeront l&rsquo;opinion de longue date selon laquelle la famille royale africaine a jou\u00e9 un r\u00f4le dans l&rsquo;un des plus grands crimes contre l&rsquo;humanit\u00e9.<\/p>\n\n\n\n<p><\/p>\n\n\n\n<p>En outre, la conf\u00e9rence examinera \u00e9galement des strat\u00e9gies pour am\u00e9liorer les connaissances parmi les peuples africains et carib\u00e9ens, et comment se reconnecter et renforcer les relations Afrique-Cara\u00efbes, notamment par le commerce et l&rsquo;investissement.<\/p>\n\n\n\n<p><\/p>\n\n\n<div class=\"wp-block-image\">\n<figure class=\"aligncenter size-large\"><img decoding=\"async\" src=\"https:\/\/imengine.public.prod.jam.navigacloud.com\/?uuid=6c80ca35-3a98-5f2f-9099-754cc6b6f1ae&amp;function=cover&amp;type=preview&amp;source=false&amp;width=1436&amp;height=956\" alt=\"\"\/><\/figure>\n<\/div>\n\n\n<p>Les batteurs Djembe-Jon jouent de la batterie alors qu&rsquo;ils accueillent les rois et reines africains qui sont arriv\u00e9s mardi \u00e0 l&rsquo;a\u00e9roport international Norman Manley.<\/p>\n\n\n<div class=\"wp-block-image\">\n<figure class=\"aligncenter size-large\"><img decoding=\"async\" src=\"https:\/\/imengine.public.prod.jam.navigacloud.com\/?uuid=b72eb3e5-bb91-514e-9864-fe88bf0bd037&amp;function=cover&amp;type=preview&amp;source=false&amp;width=1436&amp;height=956\" alt=\"\"\/><\/figure>\n<\/div>\n\n\n<p>Dr Nikiwe Bam (\u00e0 droite), pr\u00e9sidente des jeunes leaders autochtones africains et ambassadrice de la culture et du patrimoine de l&rsquo;Organisation internationale de d\u00e9veloppement Ateker pour l&rsquo;Afrique du Sud\u00a0;\u00a0Le Dr Robinson Tanyi (\u00e0 gauche), roi de Tino Mbu Cameroun et pr\u00e9sident du Conseil de gouvernance indig\u00e8ne africain et majest\u00e9 la reine Cynthia Khumalo Mzilikazi III (au centre) du royaume de Mzilikazi en Afrique du Sud danse au son de la batterie des batteurs de Djembe-Jon au L&rsquo;a\u00e9roport international Norman Manley mardi.<\/p>\n\n\n\n<p><\/p>\n\n\n\n<p>Jamaicaobserver<\/p>\n\n\n\n<p><\/p>\n\n\n\n<p>Traduction : Omdmhyd<\/p>\n\n\n\n<p><\/p>\n\n\n\n<figure class=\"wp-block-image size-large\"><img loading=\"lazy\" decoding=\"async\" width=\"1024\" height=\"293\" src=\"http:\/\/omdmhyd.org\/wp-content\/uploads\/2023\/02\/Banderole-1224x350-1-1024x293.jpg\" alt=\"\" class=\"wp-image-1571\" srcset=\"http:\/\/omdmhyd.org\/wp-content\/uploads\/2023\/02\/Banderole-1224x350-1-1024x293.jpg 1024w, http:\/\/omdmhyd.org\/wp-content\/uploads\/2023\/02\/Banderole-1224x350-1-300x86.jpg 300w, http:\/\/omdmhyd.org\/wp-content\/uploads\/2023\/02\/Banderole-1224x350-1-768x220.jpg 768w, http:\/\/omdmhyd.org\/wp-content\/uploads\/2023\/02\/Banderole-1224x350-1-600x172.jpg 600w, http:\/\/omdmhyd.org\/wp-content\/uploads\/2023\/02\/Banderole-1224x350-1.jpg 1224w\" sizes=\"(max-width: 1024px) 100vw, 1024px\" \/><\/figure>\n\n\n\n<p><strong>Partager au plus grand nombre<\/strong><\/p>\n\n\n\n<div class=\"wp-block-ultimate-social-media-plus-sfsi-plus-share-block sfsi_plus_block_wrapper\">\n\t<span class=\"sfsi_plus_block_text_before_icon\">Please Share:<\/span>\n<div class=\"sfsi_plus_block\" data-count=\"5\" data-align=\"left\" data-icon-type=\"round\"><\/div>\n\t<\/div>\n\n\n\n<p><\/p>\n\n\n\n<p><\/p>\n\n\n\n<pre class=\"wp-block-code\"><code><strong>Vous \u00eates au nombre de<\/strong> <img decoding=\"async\" title=\"People Online\" border=\"0\" height=\"52\" width=\"90\n \" src=\"http:\/\/whos.amung.us\/widget\/dzsg93pq\/ORGANISATION OMDMHYD  Online, ORGANISATION OMDMHYD  em Directo net ao vivo gratis.\" alt=\"\"> <\/code><\/pre>\n","protected":false},"excerpt":{"rendered":"<p>Dr Nikiwe Bam (au premier plan), pr\u00e9sidente de la culture et du patrimoine des jeunes leaders autochtones africains et de l&rsquo;Organisation internationale de d\u00e9veloppement Ateker\u00a0;\u00a0ambassadeur pour l&rsquo;Afrique du Sud;\u00a0Dr Robinson Tanyi (\u00e0 droite), roi de Tino Mbu Cameroun et pr\u00e9sident du Conseil africain de gouvernance indig\u00e8ne ;\u00a0l&rsquo;ambassadeur Ireno Omositson Namboka, vice-pr\u00e9sident de l&rsquo;Organisation internationale de [&hellip;]<\/p>\n","protected":false},"author":1,"featured_media":1816,"comment_status":"closed","ping_status":"closed","sticky":false,"template":"","format":"standard","meta":{"saved_in_kubio":false,"telegram_tosend":false,"telegram_tosend_message":"","telegram_tosend_target":0,"sfsi_plus_gutenberg_text_before_share":"","sfsi_plus_gutenberg_show_text_before_share":"","sfsi_plus_gutenberg_icon_type":"","sfsi_plus_gutenberg_icon_alignemt":"","sfsi_plus_gutenburg_max_per_row":"","_themeisle_gutenberg_block_has_review":false,"footnotes":""},"categories":[52,3,88,89,80],"tags":[],"class_list":["post-1815","post","type-post","status-publish","format-standard","has-post-thumbnail","hentry","category-accueil","category-actualites","category-conferences","category-debats","category-reparations"],"featured_image_src":"http:\/\/omdmhyd.org\/wp-content\/uploads\/2023\/03\/AcceilConference.jpg","author_info":{"display_name":"OMDMHYD ONG","author_link":"http:\/\/omdmhyd.org\/index.php\/author\/admin3509\/"},"yoast_head":"<!-- This site is optimized with the Yoast SEO plugin v27.5 - https:\/\/yoast.com\/product\/yoast-seo-wordpress\/ -->\n<title>Les dirigeants africains optimistes \u00e0 propos de la conf\u00e9rence en Jama\u00efque | Omdmhyd Accueil<\/title>\n<meta name=\"description\" content=\"Je me sens juste comme chez moi&quot;, c&#039;est ainsi que le Dr Robinson Tanyi a d\u00e9crit son arriv\u00e9e en Jama\u00efque alors que lui et trois autres dirigeants africains...\" \/>\n<meta name=\"robots\" content=\"index, follow, max-snippet:-1, max-image-preview:large, max-video-preview:-1\" \/>\n<link rel=\"canonical\" href=\"http:\/\/omdmhyd.org\/index.php\/2023\/03\/01\/les-dirigeants-africains-optimistes-a-propos-de-la-conference-en-jamaique\/\" \/>\n<meta property=\"og:locale\" content=\"fr_FR\" \/>\n<meta property=\"og:type\" content=\"article\" \/>\n<meta property=\"og:title\" content=\"Les dirigeants africains optimistes \u00e0 propos de la conf\u00e9rence en Jama\u00efque\" \/>\n<meta property=\"og:description\" content=\"Je me sens juste comme chez moi&quot;, c&#039;est ainsi que le Dr Robinson Tanyi a d\u00e9crit son arriv\u00e9e en Jama\u00efque alors que lui et trois autres dirigeants africains se promenaient mardi dans l&#039;a\u00e9roport international Norman Manley de Kingston\" \/>\n<meta property=\"og:url\" content=\"http:\/\/omdmhyd.org\/index.php\/2023\/03\/01\/les-dirigeants-africains-optimistes-a-propos-de-la-conference-en-jamaique\/\" \/>\n<meta property=\"og:site_name\" content=\"Omdmhyd Accueil\" \/>\n<meta property=\"article:publisher\" content=\"https:\/\/www.facebook.com\/omdmhyd\" \/>\n<meta property=\"article:published_time\" content=\"2023-03-01T21:53:00+00:00\" \/>\n<meta property=\"article:modified_time\" content=\"2023-03-01T21:57:04+00:00\" \/>\n<meta property=\"og:image\" content=\"http:\/\/omdmhyd.org\/wp-content\/uploads\/2023\/03\/AcceilConference.jpg\" \/>\n\t<meta property=\"og:image:width\" content=\"800\" \/>\n\t<meta property=\"og:image:height\" content=\"533\" \/>\n\t<meta property=\"og:image:type\" content=\"image\/jpeg\" \/>\n<meta name=\"author\" content=\"OMDMHYD ONG\" \/>\n<meta name=\"twitter:card\" content=\"summary_large_image\" \/>\n<meta name=\"twitter:title\" content=\"Les dirigeants africains optimistes \u00e0 propos de la conf\u00e9rence en Jama\u00efque\" \/>\n<meta name=\"twitter:description\" content=\"Je me sens juste comme chez moi&quot;, c&#039;est ainsi que le Dr Robinson Tanyi a d\u00e9crit son arriv\u00e9e en Jama\u00efque alors que lui et trois autres dirigeants africains se promenaient mardi dans l&#039;a\u00e9roport international Norman Manley de Kingston\" \/>\n<meta name=\"twitter:image\" content=\"http:\/\/omdmhyd.org\/wp-content\/uploads\/2023\/03\/AcceilConference.jpg\" \/>\n<meta name=\"twitter:creator\" content=\"@omdmhyd_ong\" \/>\n<meta name=\"twitter:site\" content=\"@omdmhyd_ong\" \/>\n<meta name=\"twitter:label1\" content=\"\u00c9crit par\" \/>\n\t<meta name=\"twitter:data1\" content=\"OMDMHYD ONG\" \/>\n\t<meta name=\"twitter:label2\" content=\"Dur\u00e9e de lecture estim\u00e9e\" \/>\n\t<meta name=\"twitter:data2\" content=\"6 minutes\" \/>\n<script type=\"application\/ld+json\" class=\"yoast-schema-graph\">{\"@context\":\"https:\\\/\\\/schema.org\",\"@graph\":[{\"@type\":\"Article\",\"@id\":\"http:\\\/\\\/omdmhyd.org\\\/index.php\\\/2023\\\/03\\\/01\\\/les-dirigeants-africains-optimistes-a-propos-de-la-conference-en-jamaique\\\/#article\",\"isPartOf\":{\"@id\":\"http:\\\/\\\/omdmhyd.org\\\/index.php\\\/2023\\\/03\\\/01\\\/les-dirigeants-africains-optimistes-a-propos-de-la-conference-en-jamaique\\\/\"},\"author\":{\"name\":\"OMDMHYD ONG\",\"@id\":\"https:\\\/\\\/omdmhyd.org\\\/#\\\/schema\\\/person\\\/8f67bd35e9934066ac655bbf659e815c\"},\"headline\":\"Les dirigeants africains optimistes \u00e0 propos de la conf\u00e9rence en Jama\u00efque\",\"datePublished\":\"2023-03-01T21:53:00+00:00\",\"dateModified\":\"2023-03-01T21:57:04+00:00\",\"mainEntityOfPage\":{\"@id\":\"http:\\\/\\\/omdmhyd.org\\\/index.php\\\/2023\\\/03\\\/01\\\/les-dirigeants-africains-optimistes-a-propos-de-la-conference-en-jamaique\\\/\"},\"wordCount\":1029,\"publisher\":{\"@id\":\"https:\\\/\\\/omdmhyd.org\\\/#organization\"},\"image\":{\"@id\":\"http:\\\/\\\/omdmhyd.org\\\/index.php\\\/2023\\\/03\\\/01\\\/les-dirigeants-africains-optimistes-a-propos-de-la-conference-en-jamaique\\\/#primaryimage\"},\"thumbnailUrl\":\"http:\\\/\\\/omdmhyd.org\\\/wp-content\\\/uploads\\\/2023\\\/03\\\/AcceilConference.jpg\",\"articleSection\":[\"Accueil\",\"Actualites\",\"Conf\u00e9rences\",\"D\u00e9bats\",\"R\u00e9parations\"],\"inLanguage\":\"fr-FR\"},{\"@type\":\"WebPage\",\"@id\":\"http:\\\/\\\/omdmhyd.org\\\/index.php\\\/2023\\\/03\\\/01\\\/les-dirigeants-africains-optimistes-a-propos-de-la-conference-en-jamaique\\\/\",\"url\":\"http:\\\/\\\/omdmhyd.org\\\/index.php\\\/2023\\\/03\\\/01\\\/les-dirigeants-africains-optimistes-a-propos-de-la-conference-en-jamaique\\\/\",\"name\":\"Les dirigeants africains optimistes \u00e0 propos de la conf\u00e9rence en Jama\u00efque | Omdmhyd Accueil\",\"isPartOf\":{\"@id\":\"https:\\\/\\\/omdmhyd.org\\\/#website\"},\"primaryImageOfPage\":{\"@id\":\"http:\\\/\\\/omdmhyd.org\\\/index.php\\\/2023\\\/03\\\/01\\\/les-dirigeants-africains-optimistes-a-propos-de-la-conference-en-jamaique\\\/#primaryimage\"},\"image\":{\"@id\":\"http:\\\/\\\/omdmhyd.org\\\/index.php\\\/2023\\\/03\\\/01\\\/les-dirigeants-africains-optimistes-a-propos-de-la-conference-en-jamaique\\\/#primaryimage\"},\"thumbnailUrl\":\"http:\\\/\\\/omdmhyd.org\\\/wp-content\\\/uploads\\\/2023\\\/03\\\/AcceilConference.jpg\",\"datePublished\":\"2023-03-01T21:53:00+00:00\",\"dateModified\":\"2023-03-01T21:57:04+00:00\",\"description\":\"Je me sens juste comme chez moi\\\", c'est ainsi que le Dr Robinson Tanyi a d\u00e9crit son arriv\u00e9e en Jama\u00efque alors que lui et trois autres dirigeants africains...\",\"breadcrumb\":{\"@id\":\"http:\\\/\\\/omdmhyd.org\\\/index.php\\\/2023\\\/03\\\/01\\\/les-dirigeants-africains-optimistes-a-propos-de-la-conference-en-jamaique\\\/#breadcrumb\"},\"inLanguage\":\"fr-FR\",\"potentialAction\":[{\"@type\":\"ReadAction\",\"target\":[\"http:\\\/\\\/omdmhyd.org\\\/index.php\\\/2023\\\/03\\\/01\\\/les-dirigeants-africains-optimistes-a-propos-de-la-conference-en-jamaique\\\/\"]}]},{\"@type\":\"ImageObject\",\"inLanguage\":\"fr-FR\",\"@id\":\"http:\\\/\\\/omdmhyd.org\\\/index.php\\\/2023\\\/03\\\/01\\\/les-dirigeants-africains-optimistes-a-propos-de-la-conference-en-jamaique\\\/#primaryimage\",\"url\":\"http:\\\/\\\/omdmhyd.org\\\/wp-content\\\/uploads\\\/2023\\\/03\\\/AcceilConference.jpg\",\"contentUrl\":\"http:\\\/\\\/omdmhyd.org\\\/wp-content\\\/uploads\\\/2023\\\/03\\\/AcceilConference.jpg\",\"width\":800,\"height\":533},{\"@type\":\"BreadcrumbList\",\"@id\":\"http:\\\/\\\/omdmhyd.org\\\/index.php\\\/2023\\\/03\\\/01\\\/les-dirigeants-africains-optimistes-a-propos-de-la-conference-en-jamaique\\\/#breadcrumb\",\"itemListElement\":[{\"@type\":\"ListItem\",\"position\":1,\"name\":\"Accueil\",\"item\":\"https:\\\/\\\/omdmhyd.org\\\/\"},{\"@type\":\"ListItem\",\"position\":2,\"name\":\"Les dirigeants africains optimistes \u00e0 propos de la conf\u00e9rence en Jama\u00efque\"}]},{\"@type\":\"WebSite\",\"@id\":\"https:\\\/\\\/omdmhyd.org\\\/#website\",\"url\":\"https:\\\/\\\/omdmhyd.org\\\/\",\"name\":\"ORGANISATION OMDMHYD\",\"description\":\"La d\u00e9fense des droits Bantous..\",\"publisher\":{\"@id\":\"https:\\\/\\\/omdmhyd.org\\\/#organization\"},\"potentialAction\":[{\"@type\":\"SearchAction\",\"target\":{\"@type\":\"EntryPoint\",\"urlTemplate\":\"https:\\\/\\\/omdmhyd.org\\\/?s={search_term_string}\"},\"query-input\":{\"@type\":\"PropertyValueSpecification\",\"valueRequired\":true,\"valueName\":\"search_term_string\"}}],\"inLanguage\":\"fr-FR\"},{\"@type\":\"Organization\",\"@id\":\"https:\\\/\\\/omdmhyd.org\\\/#organization\",\"name\":\"Organisation Mondiale de la D\u00e9fense des Droits et M\u00e9moires des H\u00e9breux Yisra\u00e9lites D\u00e9port\u00e9s et leur Descendants\",\"url\":\"https:\\\/\\\/omdmhyd.org\\\/\",\"logo\":{\"@type\":\"ImageObject\",\"inLanguage\":\"fr-FR\",\"@id\":\"https:\\\/\\\/omdmhyd.org\\\/#\\\/schema\\\/logo\\\/image\\\/\",\"url\":\"http:\\\/\\\/omdmhyd.org\\\/wp-content\\\/uploads\\\/2023\\\/02\\\/cropped-LOGO-OMDMHYD-140x140-1.jpg\",\"contentUrl\":\"http:\\\/\\\/omdmhyd.org\\\/wp-content\\\/uploads\\\/2023\\\/02\\\/cropped-LOGO-OMDMHYD-140x140-1.jpg\",\"width\":240,\"height\":240,\"caption\":\"Organisation Mondiale de la D\u00e9fense des Droits et M\u00e9moires des H\u00e9breux Yisra\u00e9lites D\u00e9port\u00e9s et leur Descendants\"},\"image\":{\"@id\":\"https:\\\/\\\/omdmhyd.org\\\/#\\\/schema\\\/logo\\\/image\\\/\"},\"sameAs\":[\"https:\\\/\\\/www.facebook.com\\\/omdmhyd\",\"https:\\\/\\\/x.com\\\/omdmhyd_ong\",\"https:\\\/\\\/t.me\\\/omdmhyd\",\"http:\\\/\\\/85.187.151.147\\\/-omdmhyd\",\"https:\\\/\\\/afritubes.com\\\/@OrganisationOMDMHYD\"]},{\"@type\":\"Person\",\"@id\":\"https:\\\/\\\/omdmhyd.org\\\/#\\\/schema\\\/person\\\/8f67bd35e9934066ac655bbf659e815c\",\"name\":\"OMDMHYD ONG\",\"image\":{\"@type\":\"ImageObject\",\"inLanguage\":\"fr-FR\",\"@id\":\"https:\\\/\\\/secure.gravatar.com\\\/avatar\\\/abf57df275cb87516ba194f971347f368ecf429061374f79a710def978929f7f?s=96&d=mm&r=g\",\"url\":\"https:\\\/\\\/secure.gravatar.com\\\/avatar\\\/abf57df275cb87516ba194f971347f368ecf429061374f79a710def978929f7f?s=96&d=mm&r=g\",\"contentUrl\":\"https:\\\/\\\/secure.gravatar.com\\\/avatar\\\/abf57df275cb87516ba194f971347f368ecf429061374f79a710def978929f7f?s=96&d=mm&r=g\",\"caption\":\"OMDMHYD ONG\"},\"sameAs\":[\"http:\\\/\\\/omdmhyd.org\"],\"url\":\"http:\\\/\\\/omdmhyd.org\\\/index.php\\\/author\\\/admin3509\\\/\"}]}<\/script>\n<!-- \/ Yoast SEO plugin. -->","yoast_head_json":{"title":"Les dirigeants africains optimistes \u00e0 propos de la conf\u00e9rence en Jama\u00efque | Omdmhyd Accueil","description":"Je me sens juste comme chez moi\", c'est ainsi que le Dr Robinson Tanyi a d\u00e9crit son arriv\u00e9e en Jama\u00efque alors que lui et trois autres dirigeants africains...","robots":{"index":"index","follow":"follow","max-snippet":"max-snippet:-1","max-image-preview":"max-image-preview:large","max-video-preview":"max-video-preview:-1"},"canonical":"http:\/\/omdmhyd.org\/index.php\/2023\/03\/01\/les-dirigeants-africains-optimistes-a-propos-de-la-conference-en-jamaique\/","og_locale":"fr_FR","og_type":"article","og_title":"Les dirigeants africains optimistes \u00e0 propos de la conf\u00e9rence en Jama\u00efque","og_description":"Je me sens juste comme chez moi\", c'est ainsi que le Dr Robinson Tanyi a d\u00e9crit son arriv\u00e9e en Jama\u00efque alors que lui et trois autres dirigeants africains se promenaient mardi dans l'a\u00e9roport international Norman Manley de Kingston","og_url":"http:\/\/omdmhyd.org\/index.php\/2023\/03\/01\/les-dirigeants-africains-optimistes-a-propos-de-la-conference-en-jamaique\/","og_site_name":"Omdmhyd Accueil","article_publisher":"https:\/\/www.facebook.com\/omdmhyd","article_published_time":"2023-03-01T21:53:00+00:00","article_modified_time":"2023-03-01T21:57:04+00:00","og_image":[{"width":800,"height":533,"url":"http:\/\/omdmhyd.org\/wp-content\/uploads\/2023\/03\/AcceilConference.jpg","type":"image\/jpeg"}],"author":"OMDMHYD ONG","twitter_card":"summary_large_image","twitter_title":"Les dirigeants africains optimistes \u00e0 propos de la conf\u00e9rence en Jama\u00efque","twitter_description":"Je me sens juste comme chez moi\", c'est ainsi que le Dr Robinson Tanyi a d\u00e9crit son arriv\u00e9e en Jama\u00efque alors que lui et trois autres dirigeants africains se promenaient mardi dans l'a\u00e9roport international Norman Manley de Kingston","twitter_image":"http:\/\/omdmhyd.org\/wp-content\/uploads\/2023\/03\/AcceilConference.jpg","twitter_creator":"@omdmhyd_ong","twitter_site":"@omdmhyd_ong","twitter_misc":{"\u00c9crit par":"OMDMHYD ONG","Dur\u00e9e de lecture estim\u00e9e":"6 minutes"},"schema":{"@context":"https:\/\/schema.org","@graph":[{"@type":"Article","@id":"http:\/\/omdmhyd.org\/index.php\/2023\/03\/01\/les-dirigeants-africains-optimistes-a-propos-de-la-conference-en-jamaique\/#article","isPartOf":{"@id":"http:\/\/omdmhyd.org\/index.php\/2023\/03\/01\/les-dirigeants-africains-optimistes-a-propos-de-la-conference-en-jamaique\/"},"author":{"name":"OMDMHYD ONG","@id":"https:\/\/omdmhyd.org\/#\/schema\/person\/8f67bd35e9934066ac655bbf659e815c"},"headline":"Les dirigeants africains optimistes \u00e0 propos de la conf\u00e9rence en Jama\u00efque","datePublished":"2023-03-01T21:53:00+00:00","dateModified":"2023-03-01T21:57:04+00:00","mainEntityOfPage":{"@id":"http:\/\/omdmhyd.org\/index.php\/2023\/03\/01\/les-dirigeants-africains-optimistes-a-propos-de-la-conference-en-jamaique\/"},"wordCount":1029,"publisher":{"@id":"https:\/\/omdmhyd.org\/#organization"},"image":{"@id":"http:\/\/omdmhyd.org\/index.php\/2023\/03\/01\/les-dirigeants-africains-optimistes-a-propos-de-la-conference-en-jamaique\/#primaryimage"},"thumbnailUrl":"http:\/\/omdmhyd.org\/wp-content\/uploads\/2023\/03\/AcceilConference.jpg","articleSection":["Accueil","Actualites","Conf\u00e9rences","D\u00e9bats","R\u00e9parations"],"inLanguage":"fr-FR"},{"@type":"WebPage","@id":"http:\/\/omdmhyd.org\/index.php\/2023\/03\/01\/les-dirigeants-africains-optimistes-a-propos-de-la-conference-en-jamaique\/","url":"http:\/\/omdmhyd.org\/index.php\/2023\/03\/01\/les-dirigeants-africains-optimistes-a-propos-de-la-conference-en-jamaique\/","name":"Les dirigeants africains optimistes \u00e0 propos de la conf\u00e9rence en Jama\u00efque | Omdmhyd Accueil","isPartOf":{"@id":"https:\/\/omdmhyd.org\/#website"},"primaryImageOfPage":{"@id":"http:\/\/omdmhyd.org\/index.php\/2023\/03\/01\/les-dirigeants-africains-optimistes-a-propos-de-la-conference-en-jamaique\/#primaryimage"},"image":{"@id":"http:\/\/omdmhyd.org\/index.php\/2023\/03\/01\/les-dirigeants-africains-optimistes-a-propos-de-la-conference-en-jamaique\/#primaryimage"},"thumbnailUrl":"http:\/\/omdmhyd.org\/wp-content\/uploads\/2023\/03\/AcceilConference.jpg","datePublished":"2023-03-01T21:53:00+00:00","dateModified":"2023-03-01T21:57:04+00:00","description":"Je me sens juste comme chez moi\", c'est ainsi que le Dr Robinson Tanyi a d\u00e9crit son arriv\u00e9e en Jama\u00efque alors que lui et trois autres dirigeants africains...","breadcrumb":{"@id":"http:\/\/omdmhyd.org\/index.php\/2023\/03\/01\/les-dirigeants-africains-optimistes-a-propos-de-la-conference-en-jamaique\/#breadcrumb"},"inLanguage":"fr-FR","potentialAction":[{"@type":"ReadAction","target":["http:\/\/omdmhyd.org\/index.php\/2023\/03\/01\/les-dirigeants-africains-optimistes-a-propos-de-la-conference-en-jamaique\/"]}]},{"@type":"ImageObject","inLanguage":"fr-FR","@id":"http:\/\/omdmhyd.org\/index.php\/2023\/03\/01\/les-dirigeants-africains-optimistes-a-propos-de-la-conference-en-jamaique\/#primaryimage","url":"http:\/\/omdmhyd.org\/wp-content\/uploads\/2023\/03\/AcceilConference.jpg","contentUrl":"http:\/\/omdmhyd.org\/wp-content\/uploads\/2023\/03\/AcceilConference.jpg","width":800,"height":533},{"@type":"BreadcrumbList","@id":"http:\/\/omdmhyd.org\/index.php\/2023\/03\/01\/les-dirigeants-africains-optimistes-a-propos-de-la-conference-en-jamaique\/#breadcrumb","itemListElement":[{"@type":"ListItem","position":1,"name":"Accueil","item":"https:\/\/omdmhyd.org\/"},{"@type":"ListItem","position":2,"name":"Les dirigeants africains optimistes \u00e0 propos de la conf\u00e9rence en Jama\u00efque"}]},{"@type":"WebSite","@id":"https:\/\/omdmhyd.org\/#website","url":"https:\/\/omdmhyd.org\/","name":"ORGANISATION OMDMHYD","description":"La d\u00e9fense des droits Bantous..","publisher":{"@id":"https:\/\/omdmhyd.org\/#organization"},"potentialAction":[{"@type":"SearchAction","target":{"@type":"EntryPoint","urlTemplate":"https:\/\/omdmhyd.org\/?s={search_term_string}"},"query-input":{"@type":"PropertyValueSpecification","valueRequired":true,"valueName":"search_term_string"}}],"inLanguage":"fr-FR"},{"@type":"Organization","@id":"https:\/\/omdmhyd.org\/#organization","name":"Organisation Mondiale de la D\u00e9fense des Droits et M\u00e9moires des H\u00e9breux Yisra\u00e9lites D\u00e9port\u00e9s et leur Descendants","url":"https:\/\/omdmhyd.org\/","logo":{"@type":"ImageObject","inLanguage":"fr-FR","@id":"https:\/\/omdmhyd.org\/#\/schema\/logo\/image\/","url":"http:\/\/omdmhyd.org\/wp-content\/uploads\/2023\/02\/cropped-LOGO-OMDMHYD-140x140-1.jpg","contentUrl":"http:\/\/omdmhyd.org\/wp-content\/uploads\/2023\/02\/cropped-LOGO-OMDMHYD-140x140-1.jpg","width":240,"height":240,"caption":"Organisation Mondiale de la D\u00e9fense des Droits et M\u00e9moires des H\u00e9breux Yisra\u00e9lites D\u00e9port\u00e9s et leur Descendants"},"image":{"@id":"https:\/\/omdmhyd.org\/#\/schema\/logo\/image\/"},"sameAs":["https:\/\/www.facebook.com\/omdmhyd","https:\/\/x.com\/omdmhyd_ong","https:\/\/t.me\/omdmhyd","http:\/\/85.187.151.147\/-omdmhyd","https:\/\/afritubes.com\/@OrganisationOMDMHYD"]},{"@type":"Person","@id":"https:\/\/omdmhyd.org\/#\/schema\/person\/8f67bd35e9934066ac655bbf659e815c","name":"OMDMHYD ONG","image":{"@type":"ImageObject","inLanguage":"fr-FR","@id":"https:\/\/secure.gravatar.com\/avatar\/abf57df275cb87516ba194f971347f368ecf429061374f79a710def978929f7f?s=96&d=mm&r=g","url":"https:\/\/secure.gravatar.com\/avatar\/abf57df275cb87516ba194f971347f368ecf429061374f79a710def978929f7f?s=96&d=mm&r=g","contentUrl":"https:\/\/secure.gravatar.com\/avatar\/abf57df275cb87516ba194f971347f368ecf429061374f79a710def978929f7f?s=96&d=mm&r=g","caption":"OMDMHYD ONG"},"sameAs":["http:\/\/omdmhyd.org"],"url":"http:\/\/omdmhyd.org\/index.php\/author\/admin3509\/"}]}},"_links":{"self":[{"href":"http:\/\/omdmhyd.org\/index.php\/wp-json\/wp\/v2\/posts\/1815","targetHints":{"allow":["GET"]}}],"collection":[{"href":"http:\/\/omdmhyd.org\/index.php\/wp-json\/wp\/v2\/posts"}],"about":[{"href":"http:\/\/omdmhyd.org\/index.php\/wp-json\/wp\/v2\/types\/post"}],"author":[{"embeddable":true,"href":"http:\/\/omdmhyd.org\/index.php\/wp-json\/wp\/v2\/users\/1"}],"replies":[{"embeddable":true,"href":"http:\/\/omdmhyd.org\/index.php\/wp-json\/wp\/v2\/comments?post=1815"}],"version-history":[{"count":2,"href":"http:\/\/omdmhyd.org\/index.php\/wp-json\/wp\/v2\/posts\/1815\/revisions"}],"predecessor-version":[{"id":1819,"href":"http:\/\/omdmhyd.org\/index.php\/wp-json\/wp\/v2\/posts\/1815\/revisions\/1819"}],"wp:featuredmedia":[{"embeddable":true,"href":"http:\/\/omdmhyd.org\/index.php\/wp-json\/wp\/v2\/media\/1816"}],"wp:attachment":[{"href":"http:\/\/omdmhyd.org\/index.php\/wp-json\/wp\/v2\/media?parent=1815"}],"wp:term":[{"taxonomy":"category","embeddable":true,"href":"http:\/\/omdmhyd.org\/index.php\/wp-json\/wp\/v2\/categories?post=1815"},{"taxonomy":"post_tag","embeddable":true,"href":"http:\/\/omdmhyd.org\/index.php\/wp-json\/wp\/v2\/tags?post=1815"}],"curies":[{"name":"wp","href":"https:\/\/api.w.org\/{rel}","templated":true}]}}